{"id":14920,"date":"2025-12-11T15:26:31","date_gmt":"2025-12-11T14:26:31","guid":{"rendered":"https:\/\/shenjester.net\/?p=14920"},"modified":"2025-12-11T15:29:20","modified_gmt":"2025-12-11T14:29:20","slug":"me-24-dhjetor-nis-gjykimi-per-sulmin-ne-kanalin-iber-lepenc","status":"publish","type":"post","link":"https:\/\/shenjester.net\/index.php\/2025\/12\/11\/me-24-dhjetor-nis-gjykimi-per-sulmin-ne-kanalin-iber-lepenc\/","title":{"rendered":"M\u00eb 24 dhjetor nis gjykimi p\u00ebr sulmin n\u00eb kanalin \u201cIb\u00ebr-Lepenc\u201d"},"content":{"rendered":"<p>Gjykata Themelore n\u00eb Prishtin\u00eb ka caktuar dat\u00ebn 24 dhjetor p\u00ebr fillimin e gjykimit ndaj v\u00ebllez\u00ebrve Dragisha e Jovan Vi\u00e7entijeviq dhe Igor Dimoviq, t\u00eb akuzuar p\u00ebr sulmin n\u00eb kanalin e \u201cIb\u00ebr-Lepencit\u201d n\u00eb Varag\u00eb t\u00eb Zubin-Potokut, m\u00eb 29 n\u00ebntor t\u00eb vitit 2024. Lajmin e ka konfirmuar z\u00ebdh\u00ebn\u00ebsja e Gjykat\u00ebs, Mirlinda Gashi.<\/p>\n<p>Prokuroria Speciale, m\u00eb 9 dhjetor t\u00eb k\u00ebtij viti, ngriti aktakuz\u00eb pas nj\u00eb hetimi t\u00eb zhvilluar n\u00eb bashk\u00ebpunim me Policin\u00eb e Kosov\u00ebs, Drejtoria Kund\u00ebr Terrorizmit dhe partner\u00ebt evropian\u00eb. <\/p>\n<p>Sipas aktakuz\u00ebs, t\u00eb pandehurit, s\u00eb bashku me persona t\u00eb tjer\u00eb ende t\u00eb panjohur, kan\u00eb vendosur rreth 20 kilogram\u00eb eksploziv t\u00eb llojit TNT n\u00eb brend\u00ebsi t\u00eb kanalit, duke shkaktuar d\u00ebmtim t\u00eb r\u00ebnd\u00eb t\u00eb struktur\u00ebs s\u00eb betonit, nd\u00ebrprerje t\u00eb furnizimit me uj\u00eb t\u00eb pijsh\u00ebm, rrezikim t\u00eb prodhimit t\u00eb energjis\u00eb elektrike, si dhe d\u00ebm financiar prej 376,774.70 euro p\u00ebr nd\u00ebrmarrjen \u201cIb\u00ebr-Lepenc\u201d.<\/p>\n<p>V\u00ebllez\u00ebrit Vi\u00e7entijeviq akuzohen p\u00ebr rrezikim t\u00eb rendit kushtetues n\u00eb lidhje me kryerjen e vepr\u00ebs terroriste, si dhe p\u00ebr arm\u00ebmbajtje pa leje, s\u00eb bashku me Igor Dimoviqin. Nd\u00ebrkoh\u00eb, Jovan Vi\u00e7entijeviq ngarkohet edhe me vepr\u00ebn penale t\u00eb spiunazhit, pasi sipas Prokuroris\u00eb ishte i rekrutuar nga Sh\u00ebrbimi Informativ Ushtarak i Serbis\u00eb dhe kishte mbledhur informacione t\u00eb klasifikuara p\u00ebr t\u2019i p\u00ebrdorur n\u00eb aktivitete t\u00eb kund\u00ebrligjshme n\u00eb territorin e Kosov\u00ebs.<\/p>\n","protected":false},"excerpt":{"rendered":"<p>Gjykata Themelore n\u00eb Prishtin\u00eb ka caktuar dat\u00ebn 24 dhjetor p\u00ebr fillimin e gjykimit ndaj v\u00ebllez\u00ebrve Dragisha e Jovan Vi\u00e7entijeviq dhe Igor Dimoviq, t\u00eb akuzuar p\u00ebr sulmin n\u00eb kanalin e \u201cIb\u00ebr-Lepencit\u201d n\u00eb Varag\u00eb t\u00eb Zubin-Potokut, m\u00eb 29 n\u00ebntor t\u00eb vitit 2024. Lajmin e ka konfirmuar z\u00ebdh\u00ebn\u00ebsja e Gjykat\u00ebs, Mirlinda Gashi. Prokuroria Speciale, m\u00eb 9 dhjetor t\u00eb k\u00ebtij viti, ngriti aktakuz\u00eb pas nj\u00eb hetimi t\u00eb zhvilluar n\u00eb bashk\u00ebpunim me Policin\u00eb e Kosov\u00ebs, Drejtoria Kund\u00ebr Terrorizmit dhe partner\u00ebt evropian\u00eb. Sipas aktakuz\u00ebs, t\u00eb pandehurit, s\u00eb bashku me persona t\u00eb tjer\u00eb ende t\u00eb panjohur, kan\u00eb vendosur rreth 20 kilogram\u00eb eksploziv t\u00eb llojit TNT n\u00eb brend\u00ebsi<\/p>\n","protected":false},"author":5,"featured_media":6933,"comment_status":"open","ping_status":"open","sticky":false,"template":"","format":"standard","meta":{"rank_math_lock_modified_date":false,"slim_seo":[],"footnotes":""},"categories":[1],"tags":[64],"_links":{"self":[{"href":"https:\/\/shenjester.net\/index.php\/wp-json\/wp\/v2\/posts\/14920"}],"collection":[{"href":"https:\/\/shenjester.net\/index.php\/wp-json\/wp\/v2\/posts"}],"about":[{"href":"https:\/\/shenjester.net\/index.php\/wp-json\/wp\/v2\/types\/post"}],"author":[{"embeddable":true,"href":"https:\/\/shenjester.net\/index.php\/wp-json\/wp\/v2\/users\/5"}],"replies":[{"embeddable":true,"href":"https:\/\/shenjester.net\/index.php\/wp-json\/wp\/v2\/comments?post=14920"}],"version-history":[{"count":3,"href":"https:\/\/shenjester.net\/index.php\/wp-json\/wp\/v2\/posts\/14920\/revisions"}],"predecessor-version":[{"id":14924,"href":"https:\/\/shenjester.net\/index.php\/wp-json\/wp\/v2\/posts\/14920\/revisions\/14924"}],"wp:featuredmedia":[{"embeddable":true,"href":"https:\/\/shenjester.net\/index.php\/wp-json\/wp\/v2\/media\/6933"}],"wp:attachment":[{"href":"https:\/\/shenjester.net\/index.php\/wp-json\/wp\/v2\/media?parent=14920"}],"wp:term":[{"taxonomy":"category","embeddable":true,"href":"https:\/\/shenjester.net\/index.php\/wp-json\/wp\/v2\/categories?post=14920"},{"taxonomy":"post_tag","embeddable":true,"href":"https:\/\/shenjester.net\/index.php\/wp-json\/wp\/v2\/tags?post=14920"}],"curies":[{"name":"wp","href":"https:\/\/api.w.org\/{rel}","templated":true}]}}