{"id":14916,"date":"2025-12-10T15:22:35","date_gmt":"2025-12-10T14:22:35","guid":{"rendered":"https:\/\/shenjester.net\/?p=14916"},"modified":"2025-12-10T15:24:50","modified_gmt":"2025-12-10T14:24:50","slug":"ish-kryetari-i-malisheves-isni-kilaj-lirohet-me-kusht-nga-gjykata-speciale","status":"publish","type":"post","link":"https:\/\/shenjester.net\/index.php\/2025\/12\/10\/ish-kryetari-i-malisheves-isni-kilaj-lirohet-me-kusht-nga-gjykata-speciale\/","title":{"rendered":"Ish-kryetari i Malishev\u00ebs, Isni Kilaj lirohet me kusht nga Gjykata Speciale"},"content":{"rendered":"<p>Ish-kryetari i Malishev\u00ebs, Isni Kilaj, \u00ebsht\u00eb liruar me kusht nga Gjykata Speciale, pasi u konstatua se mbajtja e tij n\u00eb paraburgim nuk \u00ebsht\u00eb m\u00eb e arsyeshme dhe as proporcionale. Kilaj akuzohet bashk\u00eb me Hashim Tha\u00e7in, Bashkim Smakajn, Fadil Fazliun dhe Hajredin Ku\u00e7in p\u00ebr pengim t\u00eb drejt\u00ebsis\u00eb n\u00eb kuad\u00ebr t\u00eb \u201c\u00c7\u00ebshtjes 12\u201d.<\/p>\n<p>N\u00eb vendimin e 3 dhjetorit 2025, Gjykata konstatoi se rrethanat kan\u00eb ndryshuar q\u00eb nga apeli i fundit n\u00eb tetor. Edhe pse ekziston nj\u00ebfar\u00eb rreziku q\u00eb Kilaj t\u00eb ndikoj\u00eb n\u00eb proces ose t\u00eb kryej\u00eb vepra t\u00eb tjera, Gjykata vler\u00ebsoi se e drejta e tij p\u00ebr liri peshon m\u00eb shum\u00eb n\u00eb rrethanat aktuale.<\/p>\n<p>Nj\u00eb nga arsyet kryesore p\u00ebr lirimin me kusht \u00ebsht\u00eb se koha q\u00eb Kilaj ka kaluar n\u00eb paraburgim tejkalon tashm\u00eb d\u00ebnimin minimal q\u00eb do t\u00eb p\u00ebrballej n\u00ebse shpallej fajtor. Gjykata mori n\u00eb konsiderat\u00eb edhe p\u00ebrfundimin e paraqitjes s\u00eb provave n\u00eb \u00e7\u00ebshtjen kryesore kund\u00ebr Tha\u00e7it dhe t\u00eb tjer\u00ebve.<\/p>\n<p>Sipas vendimit, rreziku q\u00eb Kilaj t\u00eb ndikoj\u00eb n\u00eb d\u00ebshmitar\u00ebt e Prokuroris\u00eb \u00ebsht\u00eb shum\u00eb i ul\u00ebt, nd\u00ebrsa rreziku i arratisjes nuk ekziston, bazuar n\u00eb sjelljen e tij gjat\u00eb lirimit t\u00eb m\u00ebparsh\u00ebm dhe ofrimin e nj\u00eb garancie financiare t\u00eb konsiderueshme.<\/p>\n<p>Gjykata paralajm\u00ebroi se \u00e7do shkelje e kushteve t\u00eb vendosura p\u00ebr lirimin me kusht do t\u00eb \u00e7oj\u00eb n\u00eb arrestimin e tij.<\/p>\n","protected":false},"excerpt":{"rendered":"<p>Ish-kryetari i Malishev\u00ebs, Isni Kilaj, \u00ebsht\u00eb liruar me kusht nga Gjykata Speciale, pasi u konstatua se mbajtja e tij n\u00eb paraburgim nuk \u00ebsht\u00eb m\u00eb e arsyeshme dhe as proporcionale. Kilaj akuzohet bashk\u00eb me Hashim Tha\u00e7in, Bashkim Smakajn, Fadil Fazliun dhe Hajredin Ku\u00e7in p\u00ebr pengim t\u00eb drejt\u00ebsis\u00eb n\u00eb kuad\u00ebr t\u00eb \u201c\u00c7\u00ebshtjes 12\u201d. N\u00eb vendimin e 3 dhjetorit 2025, Gjykata konstatoi se rrethanat kan\u00eb ndryshuar q\u00eb nga apeli i fundit n\u00eb tetor. Edhe pse ekziston nj\u00ebfar\u00eb rreziku q\u00eb Kilaj t\u00eb ndikoj\u00eb n\u00eb proces ose t\u00eb kryej\u00eb vepra t\u00eb tjera, Gjykata vler\u00ebsoi se e drejta e tij p\u00ebr liri peshon m\u00eb shum\u00eb n\u00eb<\/p>\n","protected":false},"author":5,"featured_media":14918,"comment_status":"open","ping_status":"open","sticky":false,"template":"","format":"standard","meta":{"rank_math_lock_modified_date":false,"slim_seo":[],"footnotes":""},"categories":[1],"tags":[63],"_links":{"self":[{"href":"https:\/\/shenjester.net\/index.php\/wp-json\/wp\/v2\/posts\/14916"}],"collection":[{"href":"https:\/\/shenjester.net\/index.php\/wp-json\/wp\/v2\/posts"}],"about":[{"href":"https:\/\/shenjester.net\/index.php\/wp-json\/wp\/v2\/types\/post"}],"author":[{"embeddable":true,"href":"https:\/\/shenjester.net\/index.php\/wp-json\/wp\/v2\/users\/5"}],"replies":[{"embeddable":true,"href":"https:\/\/shenjester.net\/index.php\/wp-json\/wp\/v2\/comments?post=14916"}],"version-history":[{"count":1,"href":"https:\/\/shenjester.net\/index.php\/wp-json\/wp\/v2\/posts\/14916\/revisions"}],"predecessor-version":[{"id":14919,"href":"https:\/\/shenjester.net\/index.php\/wp-json\/wp\/v2\/posts\/14916\/revisions\/14919"}],"wp:featuredmedia":[{"embeddable":true,"href":"https:\/\/shenjester.net\/index.php\/wp-json\/wp\/v2\/media\/14918"}],"wp:attachment":[{"href":"https:\/\/shenjester.net\/index.php\/wp-json\/wp\/v2\/media?parent=14916"}],"wp:term":[{"taxonomy":"category","embeddable":true,"href":"https:\/\/shenjester.net\/index.php\/wp-json\/wp\/v2\/categories?post=14916"},{"taxonomy":"post_tag","embeddable":true,"href":"https:\/\/shenjester.net\/index.php\/wp-json\/wp\/v2\/tags?post=14916"}],"curies":[{"name":"wp","href":"https:\/\/api.w.org\/{rel}","templated":true}]}}