{"id":14913,"date":"2025-12-10T15:09:37","date_gmt":"2025-12-10T14:09:37","guid":{"rendered":"https:\/\/shenjester.net\/?p=14913"},"modified":"2025-12-10T15:09:37","modified_gmt":"2025-12-10T14:09:37","slug":"prishtine-ushtrim-i-perbashket-i-ambasades-se-shba-se-dhe-policise-se-kosoves","status":"publish","type":"post","link":"https:\/\/shenjester.net\/index.php\/2025\/12\/10\/prishtine-ushtrim-i-perbashket-i-ambasades-se-shba-se-dhe-policise-se-kosoves\/","title":{"rendered":"Prishtin\u00eb: Ushtrim i p\u00ebrbashk\u00ebt i Ambasad\u00ebs s\u00eb SHBA-s\u00eb dhe Policis\u00eb s\u00eb Kosov\u00ebs"},"content":{"rendered":"<p>Ambasada e SHBA-s\u00eb n\u00eb Prishtin\u00eb, n\u00eb bashk\u00ebpunim me Policin\u00eb e Kosov\u00ebs, do t\u00eb zhvilloj\u00eb t\u00eb premten, m\u00eb 12 dhjetor, nj\u00eb ushtrim t\u00eb p\u00ebrbashk\u00ebt me shkall\u00eb t\u00eb gjer\u00eb, nga ora 15:00 deri n\u00eb 21:00.<\/p>\n<p>Ushtrimi do t\u00eb fokusohet n\u00eb menaxhimin e krizave, koordinimin nd\u00ebrinstitucional dhe procedurat e reagimit emergjent. Ai b\u00ebhet pjes\u00eb e p\u00ebrpjekjeve t\u00eb SHBA-s\u00eb dhe Kosov\u00ebs p\u00ebr t\u00eb forcuar bashk\u00ebpunimin n\u00eb fush\u00ebn e siguris\u00eb dhe p\u00ebr t\u00eb garantuar gatishm\u00ebrin\u00eb p\u00ebr t\u00eb reaguar ndaj incidenteve t\u00eb mundshme.<\/p>\n<p>Gjat\u00eb ushtrimit, disa rrug\u00eb n\u00eb rrethin\u00ebn e Ambasad\u00ebs dhe zonave t\u00eb tjera t\u00eb st\u00ebrvitjes do t\u00eb jen\u00eb t\u00eb mbyllura p\u00ebrkoh\u00ebsisht, dhe trafiku do t\u00eb devijohet sipas udh\u00ebzimeve t\u00eb Policis\u00eb s\u00eb Kosov\u00ebs. Ambasada thekson se ky \u00ebsht\u00eb vet\u00ebm nj\u00eb ushtrim dhe nuk ka lidhje me ndonj\u00eb incident real.<\/p>\n","protected":false},"excerpt":{"rendered":"<p>Ambasada e SHBA-s\u00eb n\u00eb Prishtin\u00eb, n\u00eb bashk\u00ebpunim me Policin\u00eb e Kosov\u00ebs, do t\u00eb zhvilloj\u00eb t\u00eb premten, m\u00eb 12 dhjetor, nj\u00eb ushtrim t\u00eb p\u00ebrbashk\u00ebt me shkall\u00eb t\u00eb gjer\u00eb, nga ora 15:00 deri n\u00eb 21:00. Ushtrimi do t\u00eb fokusohet n\u00eb menaxhimin e krizave, koordinimin nd\u00ebrinstitucional dhe procedurat e reagimit emergjent. Ai b\u00ebhet pjes\u00eb e p\u00ebrpjekjeve t\u00eb SHBA-s\u00eb dhe Kosov\u00ebs p\u00ebr t\u00eb forcuar bashk\u00ebpunimin n\u00eb fush\u00ebn e siguris\u00eb dhe p\u00ebr t\u00eb garantuar gatishm\u00ebrin\u00eb p\u00ebr t\u00eb reaguar ndaj incidenteve t\u00eb mundshme. Gjat\u00eb ushtrimit, disa rrug\u00eb n\u00eb rrethin\u00ebn e Ambasad\u00ebs dhe zonave t\u00eb tjera t\u00eb st\u00ebrvitjes do t\u00eb jen\u00eb t\u00eb mbyllura p\u00ebrkoh\u00ebsisht, dhe trafiku do<\/p>\n","protected":false},"author":5,"featured_media":14914,"comment_status":"open","ping_status":"open","sticky":false,"template":"","format":"standard","meta":{"rank_math_lock_modified_date":false,"slim_seo":[],"footnotes":""},"categories":[1],"tags":[],"_links":{"self":[{"href":"https:\/\/shenjester.net\/index.php\/wp-json\/wp\/v2\/posts\/14913"}],"collection":[{"href":"https:\/\/shenjester.net\/index.php\/wp-json\/wp\/v2\/posts"}],"about":[{"href":"https:\/\/shenjester.net\/index.php\/wp-json\/wp\/v2\/types\/post"}],"author":[{"embeddable":true,"href":"https:\/\/shenjester.net\/index.php\/wp-json\/wp\/v2\/users\/5"}],"replies":[{"embeddable":true,"href":"https:\/\/shenjester.net\/index.php\/wp-json\/wp\/v2\/comments?post=14913"}],"version-history":[{"count":1,"href":"https:\/\/shenjester.net\/index.php\/wp-json\/wp\/v2\/posts\/14913\/revisions"}],"predecessor-version":[{"id":14915,"href":"https:\/\/shenjester.net\/index.php\/wp-json\/wp\/v2\/posts\/14913\/revisions\/14915"}],"wp:featuredmedia":[{"embeddable":true,"href":"https:\/\/shenjester.net\/index.php\/wp-json\/wp\/v2\/media\/14914"}],"wp:attachment":[{"href":"https:\/\/shenjester.net\/index.php\/wp-json\/wp\/v2\/media?parent=14913"}],"wp:term":[{"taxonomy":"category","embeddable":true,"href":"https:\/\/shenjester.net\/index.php\/wp-json\/wp\/v2\/categories?post=14913"},{"taxonomy":"post_tag","embeddable":true,"href":"https:\/\/shenjester.net\/index.php\/wp-json\/wp\/v2\/tags?post=14913"}],"curies":[{"name":"wp","href":"https:\/\/api.w.org\/{rel}","templated":true}]}}