{"id":14898,"date":"2025-12-09T19:07:37","date_gmt":"2025-12-09T18:07:37","guid":{"rendered":"https:\/\/shenjester.net\/?p=14898"},"modified":"2025-12-09T19:07:37","modified_gmt":"2025-12-09T18:07:37","slug":"merz-evropa-nuk-duhet-te-mbetet-e-varur-nga-shba-te","status":"publish","type":"post","link":"https:\/\/shenjester.net\/index.php\/2025\/12\/09\/merz-evropa-nuk-duhet-te-mbetet-e-varur-nga-shba-te\/","title":{"rendered":"Merz: Evropa nuk duhet t\u00eb mbetet e varur nga SHBA-t\u00eb"},"content":{"rendered":"<p>Kancelari gjerman Friedrich Merz tha t\u00eb mart\u00ebn se deklaratat e fundit t\u00eb administrat\u00ebs amerikane, p\u00ebrfshir\u00eb n\u00eb dokumentin e ri t\u00eb siguris\u00eb, n\u00ebnvizojn\u00eb nevoj\u00ebn q\u00eb Evropa t\u00eb t\u00ebrhiqet nga var\u00ebsia e lart\u00eb nga SHBA-t\u00eb, ve\u00e7an\u00ebrisht n\u00eb fush\u00ebn e siguris\u00eb.<\/p>\n<p>Ai i quajti \u201ct\u00eb papranueshme\u201d disa prej akuzave q\u00eb Uashingtoni i drejtoi demokracive europiane, dhe theksoi se n\u00ebse demokracia n\u00eb Evrop\u00eb do t\u00eb ishte rrezikuar, kontinentit nuk i nevojitet \u201cspastrim i jasht\u00ebm\u201d, por \u00ebsht\u00eb n\u00eb gjendje t\u00eb mbrohet vet\u00eb. <\/p>\n<p>Sipas Merz, qytet\u00ebrimi dhe politika evropiane nuk duhet t\u00eb varen m\u00eb nga garancia e SHBA-ve: \u201cSi Evropa, ashtu edhe Gjermania, duhet t\u00eb b\u00ebhemi shum\u00eb m\u00eb t\u00eb pavarur sa i p\u00ebrket politik\u00ebs s\u00eb siguris\u00eb,\u201d n\u00ebnvizoi ai. <\/p>\n<p>Megjithat\u00eb, Merz nuk p\u00ebrjashtoi nj\u00eb bashk\u00ebpunim transatlantik \u2014 por sipas tij, ky bashk\u00ebpunim duhet t\u00eb jet\u00eb mes partner\u00ebsh, jo me mentalitet \u201cAmerica alone\u201d.<\/p>\n","protected":false},"excerpt":{"rendered":"<p>Kancelari gjerman Friedrich Merz tha t\u00eb mart\u00ebn se deklaratat e fundit t\u00eb administrat\u00ebs amerikane, p\u00ebrfshir\u00eb n\u00eb dokumentin e ri t\u00eb siguris\u00eb, n\u00ebnvizojn\u00eb nevoj\u00ebn q\u00eb Evropa t\u00eb t\u00ebrhiqet nga var\u00ebsia e lart\u00eb nga SHBA-t\u00eb, ve\u00e7an\u00ebrisht n\u00eb fush\u00ebn e siguris\u00eb. Ai i quajti \u201ct\u00eb papranueshme\u201d disa prej akuzave q\u00eb Uashingtoni i drejtoi demokracive europiane, dhe theksoi se n\u00ebse demokracia n\u00eb Evrop\u00eb do t\u00eb ishte rrezikuar, kontinentit nuk i nevojitet \u201cspastrim i jasht\u00ebm\u201d, por \u00ebsht\u00eb n\u00eb gjendje t\u00eb mbrohet vet\u00eb. Sipas Merz, qytet\u00ebrimi dhe politika evropiane nuk duhet t\u00eb varen m\u00eb nga garancia e SHBA-ve: \u201cSi Evropa, ashtu edhe Gjermania, duhet t\u00eb b\u00ebhemi<\/p>\n","protected":false},"author":5,"featured_media":14899,"comment_status":"open","ping_status":"open","sticky":false,"template":"","format":"standard","meta":{"rank_math_lock_modified_date":false,"slim_seo":[],"footnotes":""},"categories":[1],"tags":[],"_links":{"self":[{"href":"https:\/\/shenjester.net\/index.php\/wp-json\/wp\/v2\/posts\/14898"}],"collection":[{"href":"https:\/\/shenjester.net\/index.php\/wp-json\/wp\/v2\/posts"}],"about":[{"href":"https:\/\/shenjester.net\/index.php\/wp-json\/wp\/v2\/types\/post"}],"author":[{"embeddable":true,"href":"https:\/\/shenjester.net\/index.php\/wp-json\/wp\/v2\/users\/5"}],"replies":[{"embeddable":true,"href":"https:\/\/shenjester.net\/index.php\/wp-json\/wp\/v2\/comments?post=14898"}],"version-history":[{"count":1,"href":"https:\/\/shenjester.net\/index.php\/wp-json\/wp\/v2\/posts\/14898\/revisions"}],"predecessor-version":[{"id":14900,"href":"https:\/\/shenjester.net\/index.php\/wp-json\/wp\/v2\/posts\/14898\/revisions\/14900"}],"wp:featuredmedia":[{"embeddable":true,"href":"https:\/\/shenjester.net\/index.php\/wp-json\/wp\/v2\/media\/14899"}],"wp:attachment":[{"href":"https:\/\/shenjester.net\/index.php\/wp-json\/wp\/v2\/media?parent=14898"}],"wp:term":[{"taxonomy":"category","embeddable":true,"href":"https:\/\/shenjester.net\/index.php\/wp-json\/wp\/v2\/categories?post=14898"},{"taxonomy":"post_tag","embeddable":true,"href":"https:\/\/shenjester.net\/index.php\/wp-json\/wp\/v2\/tags?post=14898"}],"curies":[{"name":"wp","href":"https:\/\/api.w.org\/{rel}","templated":true}]}}