{"id":14878,"date":"2025-12-08T19:53:05","date_gmt":"2025-12-08T18:53:05","guid":{"rendered":"https:\/\/shenjester.net\/?p=14878"},"modified":"2025-12-08T19:53:05","modified_gmt":"2025-12-08T18:53:05","slug":"be-ja-e-gatshme-te-punoje-me-qeverine-e-re-permend-dialogun-me-serbine","status":"publish","type":"post","link":"https:\/\/shenjester.net\/index.php\/2025\/12\/08\/be-ja-e-gatshme-te-punoje-me-qeverine-e-re-permend-dialogun-me-serbine\/","title":{"rendered":"BE-ja e gatshme t\u00eb punoj\u00eb me qeverin\u00eb e re, p\u00ebrmend dialogun me Serbin\u00eb"},"content":{"rendered":"<p>Zyrtar\u00eb nga Brukseli kan\u00eb b\u00ebr\u00eb t\u00eb ditur se heqja e sanksioneve mund t\u00eb diskutohet vet\u00ebm pas zgjedhjeve t\u00eb 28 dhjetorit dhe formimit t\u00eb qeveris\u00eb s\u00eb re. Z\u00ebdh\u00ebn\u00ebsja Yuliya Matsyk ka deklaruar se BE-ja pret q\u00eb Kosova t\u00eb kthehet n\u00eb binar\u00ebt e reformave dhe t\u00eb b\u00ebj\u00eb p\u00ebrparim n\u00eb dialogun me Serbin\u00eb \u2013 dy kushte q\u00eb po paraqiten gjithnj\u00eb e m\u00eb qart\u00eb si \u00e7el\u00ebsi p\u00ebr heqjen e masave.<\/p>\n<p>Sipas saj, Komisioni Evropian ka nisur \u201czvog\u00eblim gradual\u201d t\u00eb masave qysh n\u00eb maj 2025, por vazhdimi i k\u00ebtij procesi lidhet drejtp\u00ebrdrejt me zhvillimet e brendshme politike n\u00eb Kosov\u00eb dhe me normalizimin e marr\u00ebdh\u00ebnieve me Serbin\u00eb. BE-ja e ka mir\u00ebpritur dor\u00ebzimin pa tensione t\u00eb pushtetit n\u00eb kat\u00ebr komunat veriore, mir\u00ebpo sinjalizon se kjo nuk mjafton p\u00ebr vendim final.<\/p>\n<p>Raportimi i KOH\u00cbS ka zbuluar p\u00ebr\u00e7arje t\u00eb forta brenda BE-s\u00eb: Franca, Italia, Spanja, Hungaria dhe Sllovakia po kund\u00ebrshtojn\u00eb heqjen e masave, n\u00eb koh\u00ebn kur t\u00eb pakt\u00ebn 13 shtete tjera k\u00ebrkojn\u00eb anulimin e tyre. Sipas diplomat\u00ebve, Komisioni \u201cpo fshihet pas disa shteteve an\u00ebtare\u201d, duke shtyr\u00eb procesin dhe mbajtur nj\u00eb q\u00ebndrim t\u00eb dyfisht\u00eb.<\/p>\n<p>BE-ja, nd\u00ebrkoh\u00eb, ka p\u00ebrsh\u00ebndetur tranzicionin e qet\u00eb n\u00eb veri. Shefi i Zyr\u00ebs s\u00eb BE-s\u00eb n\u00eb Kosov\u00eb, Aivo Orav, pas takimit me kryetar\u00ebt e rinj n\u00eb Zve\u00e7an, ka theksuar nevoj\u00ebn p\u00ebr bashk\u00ebpunim qendror-lokal dhe p\u00ebr respektim t\u00eb t\u00eb drejtave t\u00eb komuniteteve joshumic\u00eb.<\/p>\n<p>N\u00eb k\u00ebt\u00eb klim\u00eb tensioni politik e burokratik, Bedri Hamza (PDK) i ka d\u00ebrguar let\u00ebr presidentes s\u00eb Komisionit Evropian, Ursula von der Leyen, duke k\u00ebrkuar heqjen e menj\u00ebhershme t\u00eb sanksioneve. Ai ka theksuar se qytetar\u00ebt e Kosov\u00ebs po nd\u00ebshkohen padrejt\u00ebsisht p\u00ebr shkak t\u00eb gabimeve t\u00eb qeveris\u00eb n\u00eb largim dhe se masat po e d\u00ebmtojn\u00eb zhvillimin ekonomik dhe integrimin evropian t\u00eb vendit.<\/p>\n<p>Masat ndaj Kosov\u00ebs ishin vendosur pas eskalimeve t\u00eb vitit 2023, kur vendimi i qeveris\u00eb p\u00ebr t\u00eb futur kryetar\u00ebt n\u00eb objektet komunale \u00e7oi n\u00eb protesta dhe dhun\u00eb ndaj KFOR-it, Policis\u00eb s\u00eb Kosov\u00ebs dhe gazetar\u00ebve. Sot, BE-ja duket e gatshme t\u00eb diskutoj\u00eb heqjen e tyre \u2013 por vet\u00ebm pasi Kosova t\u00eb dal\u00eb nga kutit\u00eb e votimit dhe t\u00eb rifilloj\u00eb dialogun politik n\u00eb drejtimin q\u00eb Brukseli pret.<\/p>\n","protected":false},"excerpt":{"rendered":"<p>Zyrtar\u00eb nga Brukseli kan\u00eb b\u00ebr\u00eb t\u00eb ditur se heqja e sanksioneve mund t\u00eb diskutohet vet\u00ebm pas zgjedhjeve t\u00eb 28 dhjetorit dhe formimit t\u00eb qeveris\u00eb s\u00eb re. Z\u00ebdh\u00ebn\u00ebsja Yuliya Matsyk ka deklaruar se BE-ja pret q\u00eb Kosova t\u00eb kthehet n\u00eb binar\u00ebt e reformave dhe t\u00eb b\u00ebj\u00eb p\u00ebrparim n\u00eb dialogun me Serbin\u00eb \u2013 dy kushte q\u00eb po paraqiten gjithnj\u00eb e m\u00eb qart\u00eb si \u00e7el\u00ebsi p\u00ebr heqjen e masave. Sipas saj, Komisioni Evropian ka nisur \u201czvog\u00eblim gradual\u201d t\u00eb masave qysh n\u00eb maj 2025, por vazhdimi i k\u00ebtij procesi lidhet drejtp\u00ebrdrejt me zhvillimet e brendshme politike n\u00eb Kosov\u00eb dhe me normalizimin e marr\u00ebdh\u00ebnieve me<\/p>\n","protected":false},"author":5,"featured_media":14881,"comment_status":"open","ping_status":"open","sticky":false,"template":"","format":"standard","meta":{"rank_math_lock_modified_date":false,"slim_seo":[],"footnotes":""},"categories":[1],"tags":[63],"_links":{"self":[{"href":"https:\/\/shenjester.net\/index.php\/wp-json\/wp\/v2\/posts\/14878"}],"collection":[{"href":"https:\/\/shenjester.net\/index.php\/wp-json\/wp\/v2\/posts"}],"about":[{"href":"https:\/\/shenjester.net\/index.php\/wp-json\/wp\/v2\/types\/post"}],"author":[{"embeddable":true,"href":"https:\/\/shenjester.net\/index.php\/wp-json\/wp\/v2\/users\/5"}],"replies":[{"embeddable":true,"href":"https:\/\/shenjester.net\/index.php\/wp-json\/wp\/v2\/comments?post=14878"}],"version-history":[{"count":1,"href":"https:\/\/shenjester.net\/index.php\/wp-json\/wp\/v2\/posts\/14878\/revisions"}],"predecessor-version":[{"id":14880,"href":"https:\/\/shenjester.net\/index.php\/wp-json\/wp\/v2\/posts\/14878\/revisions\/14880"}],"wp:featuredmedia":[{"embeddable":true,"href":"https:\/\/shenjester.net\/index.php\/wp-json\/wp\/v2\/media\/14881"}],"wp:attachment":[{"href":"https:\/\/shenjester.net\/index.php\/wp-json\/wp\/v2\/media?parent=14878"}],"wp:term":[{"taxonomy":"category","embeddable":true,"href":"https:\/\/shenjester.net\/index.php\/wp-json\/wp\/v2\/categories?post=14878"},{"taxonomy":"post_tag","embeddable":true,"href":"https:\/\/shenjester.net\/index.php\/wp-json\/wp\/v2\/tags?post=14878"}],"curies":[{"name":"wp","href":"https:\/\/api.w.org\/{rel}","templated":true}]}}