{"id":14850,"date":"2025-12-06T13:50:35","date_gmt":"2025-12-06T12:50:35","guid":{"rendered":"https:\/\/shenjester.net\/?p=14850"},"modified":"2025-12-06T13:50:35","modified_gmt":"2025-12-06T12:50:35","slug":"vdes-ne-shkoder-i-burgosuri-qe-vuante-denimin-per-vrasjen-e-gruas-shtatzene","status":"publish","type":"post","link":"https:\/\/shenjester.net\/index.php\/2025\/12\/06\/vdes-ne-shkoder-i-burgosuri-qe-vuante-denimin-per-vrasjen-e-gruas-shtatzene\/","title":{"rendered":"Vdes n\u00eb Shkod\u00ebr i burgosuri q\u00eb vuante d\u00ebnimin p\u00ebr vrasjen e gruas shtatz\u00ebn\u00eb"},"content":{"rendered":"<p>Shp\u00ebtim \u00c7eliku, i d\u00ebnuar me 25 vite heqje lirie p\u00ebr vrasjen e bashk\u00ebshortes shtatz\u00ebn\u00eb n\u00eb dhjetor t\u00eb vitit 2012 n\u00eb Orikum, ka nd\u00ebrruar jet\u00eb pas nj\u00eb arresti kardiorespirator. Ngjarja e r\u00ebnd\u00eb e vitit 2012 kishte tronditur opinionin publik, pasi viktima ishte gjetur e pajet\u00eb n\u00eb nj\u00eb banes\u00eb t\u00eb braktisur.<\/p>\n<p>Sipas njoftimit zyrtar t\u00eb Policis\u00eb s\u00eb Shtetit, \u00c7eliku, i cili vuante d\u00ebnimin n\u00eb nj\u00eb burg t\u00eb siguris\u00eb s\u00eb lart\u00eb, ka nd\u00ebrruar jet\u00eb rreth or\u00ebs 08:10, n\u00eb Reanimacionin Qendror t\u00eb QSUNT, ku ishte d\u00ebrguar p\u00ebr trajtim t\u00eb specializuar p\u00ebr shkak t\u00eb gjendjes s\u00eb r\u00ebnduar sh\u00ebndet\u00ebsore.<\/p>\n<p>Policia njofton se vdekja ka ardhur si pasoj\u00eb e arrestit kardiorepirator. \u00c7eliku, banues n\u00eb Vlor\u00eb, ishte d\u00ebnuar me 25 vite burg nga Gjykata e Rrethit Vlor\u00eb p\u00ebr vepr\u00ebn penale \u201cVrasje n\u00eb rrethana t\u00eb tjera cil\u00ebsuese\u201d, nd\u00ebrsa nga masa e d\u00ebnimit i kishin mbetur edhe 8 vite e 5 muaj p\u00ebr t\u00eb vuajtur.<\/p>\n<p>M\u00eb dat\u00eb 15.10.2025 ai ishte transferuar nga IEVP Shkod\u00ebr n\u00eb Spitalin e Burgjeve dhe m\u00eb pas n\u00eb QSUNT, ku dhe nd\u00ebrroi jet\u00eb.<\/p>\n<p>Aktualisht po zbatohen t\u00eb gjitha procedurat ligjore p\u00ebr njoftimin e Prokuroris\u00eb, SHKBSB-s\u00eb, Komisariatit t\u00eb Policis\u00eb dhe familjar\u00ebve.<\/p>\n","protected":false},"excerpt":{"rendered":"<p>Shp\u00ebtim \u00c7eliku, i d\u00ebnuar me 25 vite heqje lirie p\u00ebr vrasjen e bashk\u00ebshortes shtatz\u00ebn\u00eb n\u00eb dhjetor t\u00eb vitit 2012 n\u00eb Orikum, ka nd\u00ebrruar jet\u00eb pas nj\u00eb arresti kardiorespirator. Ngjarja e r\u00ebnd\u00eb e vitit 2012 kishte tronditur opinionin publik, pasi viktima ishte gjetur e pajet\u00eb n\u00eb nj\u00eb banes\u00eb t\u00eb braktisur. Sipas njoftimit zyrtar t\u00eb Policis\u00eb s\u00eb Shtetit, \u00c7eliku, i cili vuante d\u00ebnimin n\u00eb nj\u00eb burg t\u00eb siguris\u00eb s\u00eb lart\u00eb, ka nd\u00ebrruar jet\u00eb rreth or\u00ebs 08:10, n\u00eb Reanimacionin Qendror t\u00eb QSUNT, ku ishte d\u00ebrguar p\u00ebr trajtim t\u00eb specializuar p\u00ebr shkak t\u00eb gjendjes s\u00eb r\u00ebnduar sh\u00ebndet\u00ebsore. Policia njofton se vdekja ka ardhur si<\/p>\n","protected":false},"author":5,"featured_media":14851,"comment_status":"open","ping_status":"open","sticky":false,"template":"","format":"standard","meta":{"rank_math_lock_modified_date":false,"slim_seo":[],"footnotes":""},"categories":[1],"tags":[],"_links":{"self":[{"href":"https:\/\/shenjester.net\/index.php\/wp-json\/wp\/v2\/posts\/14850"}],"collection":[{"href":"https:\/\/shenjester.net\/index.php\/wp-json\/wp\/v2\/posts"}],"about":[{"href":"https:\/\/shenjester.net\/index.php\/wp-json\/wp\/v2\/types\/post"}],"author":[{"embeddable":true,"href":"https:\/\/shenjester.net\/index.php\/wp-json\/wp\/v2\/users\/5"}],"replies":[{"embeddable":true,"href":"https:\/\/shenjester.net\/index.php\/wp-json\/wp\/v2\/comments?post=14850"}],"version-history":[{"count":1,"href":"https:\/\/shenjester.net\/index.php\/wp-json\/wp\/v2\/posts\/14850\/revisions"}],"predecessor-version":[{"id":14852,"href":"https:\/\/shenjester.net\/index.php\/wp-json\/wp\/v2\/posts\/14850\/revisions\/14852"}],"wp:featuredmedia":[{"embeddable":true,"href":"https:\/\/shenjester.net\/index.php\/wp-json\/wp\/v2\/media\/14851"}],"wp:attachment":[{"href":"https:\/\/shenjester.net\/index.php\/wp-json\/wp\/v2\/media?parent=14850"}],"wp:term":[{"taxonomy":"category","embeddable":true,"href":"https:\/\/shenjester.net\/index.php\/wp-json\/wp\/v2\/categories?post=14850"},{"taxonomy":"post_tag","embeddable":true,"href":"https:\/\/shenjester.net\/index.php\/wp-json\/wp\/v2\/tags?post=14850"}],"curies":[{"name":"wp","href":"https:\/\/api.w.org\/{rel}","templated":true}]}}