{"id":14842,"date":"2025-12-05T15:06:21","date_gmt":"2025-12-05T14:06:21","guid":{"rendered":"https:\/\/shenjester.net\/?p=14842"},"modified":"2025-12-05T15:07:18","modified_gmt":"2025-12-05T14:07:18","slug":"prokuroria-e-tiranes-con-ne-gjyq-8-persona-per-trafik-armesh-nga-kosova","status":"publish","type":"post","link":"https:\/\/shenjester.net\/index.php\/2025\/12\/05\/prokuroria-e-tiranes-con-ne-gjyq-8-persona-per-trafik-armesh-nga-kosova\/","title":{"rendered":"8 t\u00eb pandehur p\u00ebr trafik arm\u00ebsh nga Kosova, Prokuroria e Tiran\u00ebs mbyll hetimet"},"content":{"rendered":"<p>Prokuroria e Tiran\u00ebs ka p\u00ebrfunduar hetimet dhe ka d\u00ebrguar n\u00eb gjyq tet\u00eb persona t\u00eb akuzuar p\u00ebr trafikim arm\u00ebsh nga Kosova drejt Shqip\u00ebris\u00eb. T\u00eb pandehurit akuzohen p\u00ebr vepr\u00ebn penale \u201cProdhimi dhe mbajtja pa leje e arm\u00ebve luftarake dhe municionit\u201d.<\/p>\n<p>Tre prej tyre jan\u00eb shtetas nga Kosova, t\u00eb cil\u00ebt tashm\u00eb jan\u00eb shpallur fajtor\u00eb dhe jan\u00eb d\u00ebnuar me: 8 vite burg (B.K.), 6 vite e 8 muaj burg (M.K.) dhe 7 vite burg (E.Th.).<\/p>\n<p>Sipas Prokuroris\u00eb, dy prej t\u00eb pandehurve, B.K. dhe M.K., kan\u00eb bler\u00eb nj\u00eb sasi t\u00eb konsiderueshme arm\u00ebsh t\u00eb tipit Zoraki me q\u00ebllim trafikimin e tyre drejt Shqip\u00ebris\u00eb.<\/p>\n<p>Hetimet e kryera nga skuadra e p\u00ebrbashk\u00ebt Shqip\u00ebri\u2013Kosov\u00eb, me mb\u00ebshtetjen e Eurojust, rezultuan n\u00eb nj\u00eb operacion t\u00eb gjer\u00eb nd\u00ebrkomb\u00ebtar, ku u arrestuan 16 persona dhe u sekuestruan 64 arm\u00eb zjarri dhe municione n\u00eb t\u00eb dy vendet.<\/p>\n","protected":false},"excerpt":{"rendered":"<p>Prokuroria e Tiran\u00ebs ka p\u00ebrfunduar hetimet dhe ka d\u00ebrguar n\u00eb gjyq tet\u00eb persona t\u00eb akuzuar p\u00ebr trafikim arm\u00ebsh nga Kosova drejt Shqip\u00ebris\u00eb. T\u00eb pandehurit akuzohen p\u00ebr vepr\u00ebn penale \u201cProdhimi dhe mbajtja pa leje e arm\u00ebve luftarake dhe municionit\u201d. Tre prej tyre jan\u00eb shtetas nga Kosova, t\u00eb cil\u00ebt tashm\u00eb jan\u00eb shpallur fajtor\u00eb dhe jan\u00eb d\u00ebnuar me: 8 vite burg (B.K.), 6 vite e 8 muaj burg (M.K.) dhe 7 vite burg (E.Th.). Sipas Prokuroris\u00eb, dy prej t\u00eb pandehurve, B.K. dhe M.K., kan\u00eb bler\u00eb nj\u00eb sasi t\u00eb konsiderueshme arm\u00ebsh t\u00eb tipit Zoraki me q\u00ebllim trafikimin e tyre drejt Shqip\u00ebris\u00eb. Hetimet e kryera<\/p>\n","protected":false},"author":5,"featured_media":14843,"comment_status":"open","ping_status":"open","sticky":false,"template":"","format":"standard","meta":{"rank_math_lock_modified_date":false,"slim_seo":[],"footnotes":""},"categories":[1],"tags":[],"_links":{"self":[{"href":"https:\/\/shenjester.net\/index.php\/wp-json\/wp\/v2\/posts\/14842"}],"collection":[{"href":"https:\/\/shenjester.net\/index.php\/wp-json\/wp\/v2\/posts"}],"about":[{"href":"https:\/\/shenjester.net\/index.php\/wp-json\/wp\/v2\/types\/post"}],"author":[{"embeddable":true,"href":"https:\/\/shenjester.net\/index.php\/wp-json\/wp\/v2\/users\/5"}],"replies":[{"embeddable":true,"href":"https:\/\/shenjester.net\/index.php\/wp-json\/wp\/v2\/comments?post=14842"}],"version-history":[{"count":2,"href":"https:\/\/shenjester.net\/index.php\/wp-json\/wp\/v2\/posts\/14842\/revisions"}],"predecessor-version":[{"id":14845,"href":"https:\/\/shenjester.net\/index.php\/wp-json\/wp\/v2\/posts\/14842\/revisions\/14845"}],"wp:featuredmedia":[{"embeddable":true,"href":"https:\/\/shenjester.net\/index.php\/wp-json\/wp\/v2\/media\/14843"}],"wp:attachment":[{"href":"https:\/\/shenjester.net\/index.php\/wp-json\/wp\/v2\/media?parent=14842"}],"wp:term":[{"taxonomy":"category","embeddable":true,"href":"https:\/\/shenjester.net\/index.php\/wp-json\/wp\/v2\/categories?post=14842"},{"taxonomy":"post_tag","embeddable":true,"href":"https:\/\/shenjester.net\/index.php\/wp-json\/wp\/v2\/tags?post=14842"}],"curies":[{"name":"wp","href":"https:\/\/api.w.org\/{rel}","templated":true}]}}