{"id":14824,"date":"2025-12-04T15:26:48","date_gmt":"2025-12-04T14:26:48","guid":{"rendered":"https:\/\/shenjester.net\/?p=14824"},"modified":"2025-12-04T15:27:50","modified_gmt":"2025-12-04T14:27:50","slug":"30-dite-paraburgim-per-avni-qenajn-ne-serbi-mpjd-akuze-politike","status":"publish","type":"post","link":"https:\/\/shenjester.net\/index.php\/2025\/12\/04\/30-dite-paraburgim-per-avni-qenajn-ne-serbi-mpjd-akuze-politike\/","title":{"rendered":"30 dit\u00eb paraburgim p\u00ebr Avni Qenajn n\u00eb Serbi- MPJD: Akuz\u00eb politike"},"content":{"rendered":"<p>Avni Qenaj, shtetas i Republik\u00ebs s\u00eb Kosov\u00ebs, \u00ebsht\u00eb ndaluar nga autoritetet serbe dhe i \u00ebsht\u00eb caktuar 30 dit\u00eb paraburgim n\u00eb Beograd, me pretendime p\u00ebr krime lufte t\u00eb vitit 1999. Lajmin e ka konfirmuar Ministria e Pun\u00ebve t\u00eb Jashtme dhe Diaspor\u00ebs.<\/p>\n<p>Sipas MPJD-s\u00eb, veprimi i Serbis\u00eb paraqet \u201cvazhdim\u00ebsi t\u00eb praktikave t\u00eb ndjekjes politike\u201d ndaj qytetar\u00ebve t\u00eb Kosov\u00ebs, p\u00ebrmes akuzave q\u00eb ministria i cil\u00ebson si t\u00eb \u201cpabazuara dhe t\u00eb motivuara politikisht\u201d.<\/p>\n<p>Qenaj u arrestua m\u00eb 26 n\u00ebntor 2025 n\u00eb pik\u00ebkalimin e Merdar\u00ebs, nd\u00ebrsa ishte n\u00eb transit drejt Bosnj\u00eb e Hercegovin\u00ebs, ku familja e tij ka nj\u00eb biznes. Pas ndalimit, ai u mbajt 48 or\u00eb n\u00eb Prokuplje dhe m\u00eb pas u transferua n\u00eb Beograd. M\u00eb 28 n\u00ebntor, para gjykat\u00ebsit serb t\u00eb procedur\u00ebs paraprake, u njoftua p\u00ebr hapjen e procedur\u00ebs penale dhe vendimin p\u00ebr paraburgim.<\/p>\n<p>Ambasadori i Kosov\u00ebs n\u00eb Serbi, Jetish Jashari, e ka vizituar Qenajn n\u00eb Qendr\u00ebn e Paraburgimit t\u00eb Gjykat\u00ebs s\u00eb Lart\u00eb p\u00ebr Krime Lufte n\u00eb Beograd, duke i ofruar mb\u00ebshtetje institucionale.<\/p>\n<p>Qenaj ka deklaruar se gjat\u00eb arrestimit i \u00ebsht\u00eb ushtruar presion psikologjik, por jo keqtrajtim fizik. Ai ende nuk \u00ebsht\u00eb vizituar nga familjar\u00ebt, nd\u00ebrsa ata kan\u00eb angazhuar kat\u00ebr avokat\u00eb mbrojt\u00ebs.<\/p>\n<p>MPJD thot\u00eb se, p\u00ebrmes Zyr\u00ebs Nd\u00ebrlidh\u00ebse n\u00eb Beograd, do t\u00eb vazhdoj\u00eb monitorimin e rastit dhe nd\u00ebrmarrjen e veprimeve diplomatike p\u00ebr mbrojtjen e t\u00eb drejtave t\u00eb Qenajt dhe kund\u00ebrshtimin e akuzave t\u00eb cilat i quan politike.<\/p>\n","protected":false},"excerpt":{"rendered":"<p>Avni Qenaj, shtetas i Republik\u00ebs s\u00eb Kosov\u00ebs, \u00ebsht\u00eb ndaluar nga autoritetet serbe dhe i \u00ebsht\u00eb caktuar 30 dit\u00eb paraburgim n\u00eb Beograd, me pretendime p\u00ebr krime lufte t\u00eb vitit 1999. Lajmin e ka konfirmuar Ministria e Pun\u00ebve t\u00eb Jashtme dhe Diaspor\u00ebs. Sipas MPJD-s\u00eb, veprimi i Serbis\u00eb paraqet \u201cvazhdim\u00ebsi t\u00eb praktikave t\u00eb ndjekjes politike\u201d ndaj qytetar\u00ebve t\u00eb Kosov\u00ebs, p\u00ebrmes akuzave q\u00eb ministria i cil\u00ebson si t\u00eb \u201cpabazuara dhe t\u00eb motivuara politikisht\u201d. Qenaj u arrestua m\u00eb 26 n\u00ebntor 2025 n\u00eb pik\u00ebkalimin e Merdar\u00ebs, nd\u00ebrsa ishte n\u00eb transit drejt Bosnj\u00eb e Hercegovin\u00ebs, ku familja e tij ka nj\u00eb biznes. Pas ndalimit, ai u mbajt<\/p>\n","protected":false},"author":5,"featured_media":14825,"comment_status":"open","ping_status":"open","sticky":false,"template":"","format":"standard","meta":{"rank_math_lock_modified_date":false,"slim_seo":[],"footnotes":""},"categories":[1],"tags":[],"_links":{"self":[{"href":"https:\/\/shenjester.net\/index.php\/wp-json\/wp\/v2\/posts\/14824"}],"collection":[{"href":"https:\/\/shenjester.net\/index.php\/wp-json\/wp\/v2\/posts"}],"about":[{"href":"https:\/\/shenjester.net\/index.php\/wp-json\/wp\/v2\/types\/post"}],"author":[{"embeddable":true,"href":"https:\/\/shenjester.net\/index.php\/wp-json\/wp\/v2\/users\/5"}],"replies":[{"embeddable":true,"href":"https:\/\/shenjester.net\/index.php\/wp-json\/wp\/v2\/comments?post=14824"}],"version-history":[{"count":2,"href":"https:\/\/shenjester.net\/index.php\/wp-json\/wp\/v2\/posts\/14824\/revisions"}],"predecessor-version":[{"id":14827,"href":"https:\/\/shenjester.net\/index.php\/wp-json\/wp\/v2\/posts\/14824\/revisions\/14827"}],"wp:featuredmedia":[{"embeddable":true,"href":"https:\/\/shenjester.net\/index.php\/wp-json\/wp\/v2\/media\/14825"}],"wp:attachment":[{"href":"https:\/\/shenjester.net\/index.php\/wp-json\/wp\/v2\/media?parent=14824"}],"wp:term":[{"taxonomy":"category","embeddable":true,"href":"https:\/\/shenjester.net\/index.php\/wp-json\/wp\/v2\/categories?post=14824"},{"taxonomy":"post_tag","embeddable":true,"href":"https:\/\/shenjester.net\/index.php\/wp-json\/wp\/v2\/tags?post=14824"}],"curies":[{"name":"wp","href":"https:\/\/api.w.org\/{rel}","templated":true}]}}