{"id":14718,"date":"2025-11-28T15:59:48","date_gmt":"2025-11-28T14:59:48","guid":{"rendered":"https:\/\/shenjester.net\/?p=14718"},"modified":"2025-11-28T15:59:48","modified_gmt":"2025-11-28T14:59:48","slug":"policia-ia-ze-54-thika-nje-te-dyshuari-ne-prishtine-dyshohet-se-ia-shiste-te-miturve","status":"publish","type":"post","link":"https:\/\/shenjester.net\/index.php\/2025\/11\/28\/policia-ia-ze-54-thika-nje-te-dyshuari-ne-prishtine-dyshohet-se-ia-shiste-te-miturve\/","title":{"rendered":"Policia ia z\u00eb 54 thika nj\u00eb t\u00eb dyshuari n\u00eb Prishtin\u00eb , dyshohet se ia shiste t\u00eb miturve"},"content":{"rendered":"<p>Policia e Kosov\u00ebs ka sekuestruar 54 thika, 14 boksa metalik\u00eb dhe 2 shufra metalike nga nj\u00eb person i arrestuar mbr\u00ebm\u00eb n\u00eb Prishtin\u00eb, i cili dyshohet t\u2019i ket\u00eb shitur k\u00ebto mjete t\u00eb rrezikshme tek persona t\u00eb mitur.<\/p>\n<p>Sipas Policis\u00eb, arrestimi u realizua pas informacioneve t\u00eb siguruara nga nj\u00ebsia e inteligjenc\u00ebs s\u00eb Stacionit Policor \u201cQendra\u201d. <\/p>\n<p>N\u00eb njoftim thuhet:<br \/>\n\u201cPas informacioneve t\u00eb siguruara nga nj\u00ebsia e inteligjenc\u00ebs e Stacionit Policor \u2018Qendra\u2019, \u00ebsht\u00eb arritur identifikimi dhe arrestimi i t\u00eb dyshuarit.\u201d<\/p>\n<p>Tutje, Policia ka b\u00ebr\u00eb t\u00eb ditur se me vendim t\u00eb Prokurorit t\u00eb Shtetit, ndaj t\u00eb dyshuarit \u00ebsht\u00eb iniciuar rasti p\u00ebr vepr\u00ebn penale \u201cArm\u00ebmbajtje pa leje\u201d, nd\u00ebrsa ai \u00ebsht\u00eb d\u00ebrguar n\u00eb mbajtje p\u00ebr 48 or\u00eb.<\/p>\n<p>Hetimet lidhur me rastin po vazhdojn\u00eb.<\/p>\n","protected":false},"excerpt":{"rendered":"<p>Policia e Kosov\u00ebs ka sekuestruar 54 thika, 14 boksa metalik\u00eb dhe 2 shufra metalike nga nj\u00eb person i arrestuar mbr\u00ebm\u00eb n\u00eb Prishtin\u00eb, i cili dyshohet t\u2019i ket\u00eb shitur k\u00ebto mjete t\u00eb rrezikshme tek persona t\u00eb mitur. Sipas Policis\u00eb, arrestimi u realizua pas informacioneve t\u00eb siguruara nga nj\u00ebsia e inteligjenc\u00ebs s\u00eb Stacionit Policor \u201cQendra\u201d. N\u00eb njoftim thuhet: \u201cPas informacioneve t\u00eb siguruara nga nj\u00ebsia e inteligjenc\u00ebs e Stacionit Policor \u2018Qendra\u2019, \u00ebsht\u00eb arritur identifikimi dhe arrestimi i t\u00eb dyshuarit.\u201d Tutje, Policia ka b\u00ebr\u00eb t\u00eb ditur se me vendim t\u00eb Prokurorit t\u00eb Shtetit, ndaj t\u00eb dyshuarit \u00ebsht\u00eb iniciuar rasti p\u00ebr vepr\u00ebn penale \u201cArm\u00ebmbajtje pa<\/p>\n","protected":false},"author":5,"featured_media":14719,"comment_status":"open","ping_status":"open","sticky":false,"template":"","format":"standard","meta":{"rank_math_lock_modified_date":false,"slim_seo":[],"footnotes":""},"categories":[1],"tags":[],"_links":{"self":[{"href":"https:\/\/shenjester.net\/index.php\/wp-json\/wp\/v2\/posts\/14718"}],"collection":[{"href":"https:\/\/shenjester.net\/index.php\/wp-json\/wp\/v2\/posts"}],"about":[{"href":"https:\/\/shenjester.net\/index.php\/wp-json\/wp\/v2\/types\/post"}],"author":[{"embeddable":true,"href":"https:\/\/shenjester.net\/index.php\/wp-json\/wp\/v2\/users\/5"}],"replies":[{"embeddable":true,"href":"https:\/\/shenjester.net\/index.php\/wp-json\/wp\/v2\/comments?post=14718"}],"version-history":[{"count":2,"href":"https:\/\/shenjester.net\/index.php\/wp-json\/wp\/v2\/posts\/14718\/revisions"}],"predecessor-version":[{"id":14721,"href":"https:\/\/shenjester.net\/index.php\/wp-json\/wp\/v2\/posts\/14718\/revisions\/14721"}],"wp:featuredmedia":[{"embeddable":true,"href":"https:\/\/shenjester.net\/index.php\/wp-json\/wp\/v2\/media\/14719"}],"wp:attachment":[{"href":"https:\/\/shenjester.net\/index.php\/wp-json\/wp\/v2\/media?parent=14718"}],"wp:term":[{"taxonomy":"category","embeddable":true,"href":"https:\/\/shenjester.net\/index.php\/wp-json\/wp\/v2\/categories?post=14718"},{"taxonomy":"post_tag","embeddable":true,"href":"https:\/\/shenjester.net\/index.php\/wp-json\/wp\/v2\/tags?post=14718"}],"curies":[{"name":"wp","href":"https:\/\/api.w.org\/{rel}","templated":true}]}}