{"id":14682,"date":"2025-11-25T14:20:01","date_gmt":"2025-11-25T13:20:01","guid":{"rendered":"https:\/\/shenjester.net\/?p=14682"},"modified":"2025-11-25T14:20:01","modified_gmt":"2025-11-25T13:20:01","slug":"parandalohet-kontrabanda-e-mallrave-ne-vlere-mbi-10-mije-euro","status":"publish","type":"post","link":"https:\/\/shenjester.net\/index.php\/2025\/11\/25\/parandalohet-kontrabanda-e-mallrave-ne-vlere-mbi-10-mije-euro\/","title":{"rendered":"Parandalohet kontrabanda e mallrave n\u00eb vler\u00eb mbi 10 mij\u00eb euro"},"content":{"rendered":"<p>Dogana e Kosov\u00ebs njofton se n\u00eb or\u00ebt e mbr\u00ebmjes, rreth or\u00ebs 22:00, gjat\u00eb kontrollit t\u00eb nj\u00eb automjeti ka parandaluar kontrabandimin e mallit n\u00eb vler\u00eb mbi 10 mij\u00eb euro.<\/p>\n<p>Njoftimin Dogana e Kosov\u00ebs e b\u00ebri t\u00eb mart\u00ebn p\u00ebrmes rrjetit social Facebook.<\/p>\n<p>\u201cShoferi kishte deklaruar se nuk kishte mallra p\u00ebr t\u00eb raportuar, por gjat\u00eb kontrollit t\u00eb detajuar n\u00eb vij\u00ebn e dyt\u00eb, oficer\u00ebt tan\u00eb s\u00eb bashku me Policin\u00eb e Kosov\u00ebs gjet\u00ebn tre valixhe t\u00eb kamufluara me veshje t\u00eb p\u00ebrdorura, brenda t\u00eb cilave ndodheshin pajisje p\u00ebr uj\u00ebsjell\u00ebs dhe sistem t\u00eb ngrohjes qendrore,\u201d tha Dogana e Kosov\u00ebs.<\/p>\n<p>Mallrat jan\u00eb ndalur p\u00ebrkoh\u00ebsisht, nd\u00ebrsa vlera e tyre dyshohet t\u00eb tejkaloj\u00eb 10,000 euro. Dogana e Kosov\u00ebs siguron se do t\u00eb nd\u00ebrmarr\u00eb t\u00eb gjitha veprimet ligjore sipas procedurave n\u00eb fuqi, duke theksuar p\u00ebrkushtimin p\u00ebr parandalimin e kontraband\u00ebs dhe mbrojtjen e tregut t\u00eb rregullt.<\/p>\n","protected":false},"excerpt":{"rendered":"<p>Dogana e Kosov\u00ebs njofton se n\u00eb or\u00ebt e mbr\u00ebmjes, rreth or\u00ebs 22:00, gjat\u00eb kontrollit t\u00eb nj\u00eb automjeti ka parandaluar kontrabandimin e mallit n\u00eb vler\u00eb mbi 10 mij\u00eb euro. Njoftimin Dogana e Kosov\u00ebs e b\u00ebri t\u00eb mart\u00ebn p\u00ebrmes rrjetit social Facebook. \u201cShoferi kishte deklaruar se nuk kishte mallra p\u00ebr t\u00eb raportuar, por gjat\u00eb kontrollit t\u00eb detajuar n\u00eb vij\u00ebn e dyt\u00eb, oficer\u00ebt tan\u00eb s\u00eb bashku me Policin\u00eb e Kosov\u00ebs gjet\u00ebn tre valixhe t\u00eb kamufluara me veshje t\u00eb p\u00ebrdorura, brenda t\u00eb cilave ndodheshin pajisje p\u00ebr uj\u00ebsjell\u00ebs dhe sistem t\u00eb ngrohjes qendrore,\u201d tha Dogana e Kosov\u00ebs. Mallrat jan\u00eb ndalur p\u00ebrkoh\u00ebsisht, nd\u00ebrsa vlera e tyre<\/p>\n","protected":false},"author":5,"featured_media":14683,"comment_status":"open","ping_status":"open","sticky":false,"template":"","format":"standard","meta":{"rank_math_lock_modified_date":false,"slim_seo":[],"footnotes":""},"categories":[1],"tags":[],"_links":{"self":[{"href":"https:\/\/shenjester.net\/index.php\/wp-json\/wp\/v2\/posts\/14682"}],"collection":[{"href":"https:\/\/shenjester.net\/index.php\/wp-json\/wp\/v2\/posts"}],"about":[{"href":"https:\/\/shenjester.net\/index.php\/wp-json\/wp\/v2\/types\/post"}],"author":[{"embeddable":true,"href":"https:\/\/shenjester.net\/index.php\/wp-json\/wp\/v2\/users\/5"}],"replies":[{"embeddable":true,"href":"https:\/\/shenjester.net\/index.php\/wp-json\/wp\/v2\/comments?post=14682"}],"version-history":[{"count":1,"href":"https:\/\/shenjester.net\/index.php\/wp-json\/wp\/v2\/posts\/14682\/revisions"}],"predecessor-version":[{"id":14684,"href":"https:\/\/shenjester.net\/index.php\/wp-json\/wp\/v2\/posts\/14682\/revisions\/14684"}],"wp:featuredmedia":[{"embeddable":true,"href":"https:\/\/shenjester.net\/index.php\/wp-json\/wp\/v2\/media\/14683"}],"wp:attachment":[{"href":"https:\/\/shenjester.net\/index.php\/wp-json\/wp\/v2\/media?parent=14682"}],"wp:term":[{"taxonomy":"category","embeddable":true,"href":"https:\/\/shenjester.net\/index.php\/wp-json\/wp\/v2\/categories?post=14682"},{"taxonomy":"post_tag","embeddable":true,"href":"https:\/\/shenjester.net\/index.php\/wp-json\/wp\/v2\/tags?post=14682"}],"curies":[{"name":"wp","href":"https:\/\/api.w.org\/{rel}","templated":true}]}}