{"id":14638,"date":"2025-11-22T14:24:05","date_gmt":"2025-11-22T13:24:05","guid":{"rendered":"https:\/\/shenjester.net\/?p=14638"},"modified":"2025-11-22T14:24:05","modified_gmt":"2025-11-22T13:24:05","slug":"lladrovci-kritikon-hamzen-po-barazon-shkakun-me-pasojen","status":"publish","type":"post","link":"https:\/\/shenjester.net\/index.php\/2025\/11\/22\/lladrovci-kritikon-hamzen-po-barazon-shkakun-me-pasojen\/","title":{"rendered":"Lladrovci kritikon Hamz\u00ebn: Po barazon shkakun me pasoj\u00ebn"},"content":{"rendered":"<p>Kryetari i Drenasit, Ramiz Lladrovci, ka reaguar ndaj deklarimeve t\u00eb kryetarit t\u00eb PDK-s\u00eb, Bedri Hamza, duke th\u00ebn\u00eb se ky i fundit \u201cpo barazon shkakun me pasoj\u00ebn\u201d, gj\u00eb q\u00eb sipas tij nuk ndihmon zhvillimin e partis\u00eb.<\/p>\n<p>Hamza nj\u00eb dit\u00eb m\u00eb par\u00eb tha se askush nuk e ka p\u00ebrjashtuar Lladrovcin nga PDK-ja dhe se me t\u00eb synojn\u00eb maksimalizimin e vot\u00ebs m\u00eb 28 dhjetor. Por Lladrovci, n\u00eb nj\u00eb shkrim n\u00eb Facebook, akuzoi disa eksponent\u00eb t\u00eb PDK-s\u00eb se po e paraqesin disfat\u00ebn si fitore dhe se \u201cmjegulla rreth Drenasit nuk po hiqet\u201d.<\/p>\n<p>Ai theksoi se uniteti \u00ebsht\u00eb kusht p\u00ebr fitore dhe kritikoi Hamz\u00ebn p\u00ebr p\u00ebrpjekjet p\u00ebr ta \u201cbarazuar shkakun me pasoj\u00ebn\u201d, duke shtuar se kjo nuk e fuqizon partin\u00eb. Sipas tij, PDK-ja ka nevoj\u00eb p\u00ebr reformim t\u00eb qasjes politike dhe t\u00eb metodave organizative.<\/p>\n<p>Lladrovci p\u00ebrs\u00ebriti se n\u00eb parti duhet larguar \u201cshkurtpam\u00ebsia politike\u201d dhe se PDK-ja duhet t\u2019i rikthehet vizionit t\u00eb themeluesve. Ai rikujtoi se zgjedhjet lokale n\u00eb Drenas i fitoi me iniciativ\u00eb t\u00eb pavarur, pasi PDK-ja kandidoi Petrit Hajdarin.<\/p>\n","protected":false},"excerpt":{"rendered":"<p>Kryetari i Drenasit, Ramiz Lladrovci, ka reaguar ndaj deklarimeve t\u00eb kryetarit t\u00eb PDK-s\u00eb, Bedri Hamza, duke th\u00ebn\u00eb se ky i fundit \u201cpo barazon shkakun me pasoj\u00ebn\u201d, gj\u00eb q\u00eb sipas tij nuk ndihmon zhvillimin e partis\u00eb. Hamza nj\u00eb dit\u00eb m\u00eb par\u00eb tha se askush nuk e ka p\u00ebrjashtuar Lladrovcin nga PDK-ja dhe se me t\u00eb synojn\u00eb maksimalizimin e vot\u00ebs m\u00eb 28 dhjetor. Por Lladrovci, n\u00eb nj\u00eb shkrim n\u00eb Facebook, akuzoi disa eksponent\u00eb t\u00eb PDK-s\u00eb se po e paraqesin disfat\u00ebn si fitore dhe se \u201cmjegulla rreth Drenasit nuk po hiqet\u201d. Ai theksoi se uniteti \u00ebsht\u00eb kusht p\u00ebr fitore dhe kritikoi Hamz\u00ebn p\u00ebr<\/p>\n","protected":false},"author":5,"featured_media":14639,"comment_status":"open","ping_status":"open","sticky":false,"template":"","format":"standard","meta":{"rank_math_lock_modified_date":false,"slim_seo":[],"footnotes":""},"categories":[1],"tags":[63],"_links":{"self":[{"href":"https:\/\/shenjester.net\/index.php\/wp-json\/wp\/v2\/posts\/14638"}],"collection":[{"href":"https:\/\/shenjester.net\/index.php\/wp-json\/wp\/v2\/posts"}],"about":[{"href":"https:\/\/shenjester.net\/index.php\/wp-json\/wp\/v2\/types\/post"}],"author":[{"embeddable":true,"href":"https:\/\/shenjester.net\/index.php\/wp-json\/wp\/v2\/users\/5"}],"replies":[{"embeddable":true,"href":"https:\/\/shenjester.net\/index.php\/wp-json\/wp\/v2\/comments?post=14638"}],"version-history":[{"count":2,"href":"https:\/\/shenjester.net\/index.php\/wp-json\/wp\/v2\/posts\/14638\/revisions"}],"predecessor-version":[{"id":14641,"href":"https:\/\/shenjester.net\/index.php\/wp-json\/wp\/v2\/posts\/14638\/revisions\/14641"}],"wp:featuredmedia":[{"embeddable":true,"href":"https:\/\/shenjester.net\/index.php\/wp-json\/wp\/v2\/media\/14639"}],"wp:attachment":[{"href":"https:\/\/shenjester.net\/index.php\/wp-json\/wp\/v2\/media?parent=14638"}],"wp:term":[{"taxonomy":"category","embeddable":true,"href":"https:\/\/shenjester.net\/index.php\/wp-json\/wp\/v2\/categories?post=14638"},{"taxonomy":"post_tag","embeddable":true,"href":"https:\/\/shenjester.net\/index.php\/wp-json\/wp\/v2\/tags?post=14638"}],"curies":[{"name":"wp","href":"https:\/\/api.w.org\/{rel}","templated":true}]}}