{"id":14580,"date":"2025-11-19T15:45:50","date_gmt":"2025-11-19T14:45:50","guid":{"rendered":"https:\/\/shenjester.net\/?p=14580"},"modified":"2025-11-19T15:45:50","modified_gmt":"2025-11-19T14:45:50","slug":"ska-shumice-per-vv-ne-konjufca-nuk-merr-votat-e-nevojshme","status":"publish","type":"post","link":"https:\/\/shenjester.net\/index.php\/2025\/11\/19\/ska-shumice-per-vv-ne-konjufca-nuk-merr-votat-e-nevojshme\/","title":{"rendered":"S\u2019ka shumic\u00eb p\u00ebr VV-n\u00eb, Konjufca nuk merr votat e nevojshme"},"content":{"rendered":"<p>Qeveria e Glauk Konjufc\u00ebs nuk kaloi n\u00eb Kuvendin e Republik\u00ebs s\u00eb Kosov\u00ebs. As Glauku, sikurse kandidati i m\u00ebhersh\u00ebm i VV-s\u00eb, Albin Kurti nuk i pati numrat.<\/p>\n<p>P\u00ebr qeverin\u00eb e tij votuan 56 deputet\u00eb, 4 abstenuan dhe 53 ishin kund\u00ebr.<\/p>\n<p>Me rastin e d\u00ebshtimit t\u00eb Konjufc\u00ebs, tani presidentja \u00ebsht\u00eb e obliguar t\u2019i shpall\u00eb zgjedhjet e parakohshme, q\u00eb duhet t\u00eb mbahen brenda 40 dit\u00ebsh nga dita e shpalljes.<\/p>\n","protected":false},"excerpt":{"rendered":"<p>Qeveria e Glauk Konjufc\u00ebs nuk kaloi n\u00eb Kuvendin e Republik\u00ebs s\u00eb Kosov\u00ebs. As Glauku, sikurse kandidati i m\u00ebhersh\u00ebm i VV-s\u00eb, Albin Kurti nuk i pati numrat. P\u00ebr qeverin\u00eb e tij votuan 56 deputet\u00eb, 4 abstenuan dhe 53 ishin kund\u00ebr. Me rastin e d\u00ebshtimit t\u00eb Konjufc\u00ebs, tani presidentja \u00ebsht\u00eb e obliguar t\u2019i shpall\u00eb zgjedhjet e parakohshme, q\u00eb duhet t\u00eb mbahen brenda 40 dit\u00ebsh nga dita e shpalljes.<\/p>\n","protected":false},"author":5,"featured_media":4900,"comment_status":"open","ping_status":"open","sticky":false,"template":"","format":"standard","meta":{"rank_math_lock_modified_date":false,"slim_seo":[],"footnotes":""},"categories":[1],"tags":[64],"_links":{"self":[{"href":"https:\/\/shenjester.net\/index.php\/wp-json\/wp\/v2\/posts\/14580"}],"collection":[{"href":"https:\/\/shenjester.net\/index.php\/wp-json\/wp\/v2\/posts"}],"about":[{"href":"https:\/\/shenjester.net\/index.php\/wp-json\/wp\/v2\/types\/post"}],"author":[{"embeddable":true,"href":"https:\/\/shenjester.net\/index.php\/wp-json\/wp\/v2\/users\/5"}],"replies":[{"embeddable":true,"href":"https:\/\/shenjester.net\/index.php\/wp-json\/wp\/v2\/comments?post=14580"}],"version-history":[{"count":3,"href":"https:\/\/shenjester.net\/index.php\/wp-json\/wp\/v2\/posts\/14580\/revisions"}],"predecessor-version":[{"id":14583,"href":"https:\/\/shenjester.net\/index.php\/wp-json\/wp\/v2\/posts\/14580\/revisions\/14583"}],"wp:featuredmedia":[{"embeddable":true,"href":"https:\/\/shenjester.net\/index.php\/wp-json\/wp\/v2\/media\/4900"}],"wp:attachment":[{"href":"https:\/\/shenjester.net\/index.php\/wp-json\/wp\/v2\/media?parent=14580"}],"wp:term":[{"taxonomy":"category","embeddable":true,"href":"https:\/\/shenjester.net\/index.php\/wp-json\/wp\/v2\/categories?post=14580"},{"taxonomy":"post_tag","embeddable":true,"href":"https:\/\/shenjester.net\/index.php\/wp-json\/wp\/v2\/tags?post=14580"}],"curies":[{"name":"wp","href":"https:\/\/api.w.org\/{rel}","templated":true}]}}