{"id":14557,"date":"2025-11-13T09:39:23","date_gmt":"2025-11-13T08:39:23","guid":{"rendered":"https:\/\/shenjester.net\/?p=14557"},"modified":"2025-11-13T09:40:48","modified_gmt":"2025-11-13T08:40:48","slug":"messi-me-shume-do-te-doja-nje-tjeter-kupe-bote-sesa-nje-top-te-arte","status":"publish","type":"post","link":"https:\/\/shenjester.net\/index.php\/2025\/11\/13\/messi-me-shume-do-te-doja-nje-tjeter-kupe-bote-sesa-nje-top-te-arte\/","title":{"rendered":"Messi: M\u00eb shum\u00eb do t\u00eb doja nj\u00eb tjet\u00ebr Kup\u00eb Bote sesa nj\u00eb Top t\u00eb Art\u00eb"},"content":{"rendered":"<p>Lionel Messi ka rikonfirmuar edhe nj\u00eb her\u00eb se suksesi kolektiv ka m\u00eb shum\u00eb pesh\u00eb p\u00ebr t\u00eb sesa \u00e7do \u00e7mim individual. N\u00eb nj\u00eb prononcim t\u00eb fundit, i cili citohet nga gazetari i njohur Fabrizio Romano, kapiteni argjentinas u pyet se \u00e7far\u00eb do t\u00eb zgjidhte mes nj\u00eb Ballon d\u2019Or tjet\u00ebr dhe nj\u00eb tjet\u00ebr triumfi n\u00eb Kup\u00ebn e Bot\u00ebs.<\/p>\n<p>\u201c<em><strong>Nj\u00eb tjet\u00ebr Kup\u00eb Bote apo nj\u00eb tjet\u00ebr Top t\u00eb Art\u00eb? Do t\u00eb zgjidhja nj\u00eb tjet\u00ebr Kup\u00eb Bote\u201d, tha Messi, duke e v\u00ebn\u00eb s\u00ebrish n\u00eb pah lidhjen emocionale q\u00eb ka me fanell\u00ebn e Argjentin\u00ebs. Ai shtoi se mes pronarit t\u00eb klubit dhe trajnerit, ai do t\u00eb zgjedhte t\u00eb parin, pasi \u201cpatjet\u00ebr pronari i klubit<\/strong><\/em>\u201d ka ndikimin m\u00eb t\u00eb madh n\u00eb t\u00eb ardhmen e nj\u00eb lojtari.<\/p>\n<p>Messi \u00ebsht\u00eb pjes\u00eb e Inter Miami q\u00eb nga korriku i vitit 2023, pas largimit nga Paris Saint-Germain si futbollist i lir\u00eb. Q\u00eb prej at\u00ebher\u00eb, ai ka qen\u00eb figura qendrore e projektit sportiv n\u00eb MLS, teksa vazhdon t\u00eb t\u00ebrheq\u00eb v\u00ebmendjen e bot\u00ebs s\u00eb futbollit.<\/p>\n<p>Me tet\u00eb \u00e7mime Ballon d\u2019Or dhe nj\u00eb Kup\u00eb Bote t\u00eb fituar n\u00eb vitin 2022, 38-vje\u00e7ari mbetet nj\u00eb nga futbollist\u00ebt m\u00eb t\u00eb dekoruar n\u00eb histori. Megjithat\u00eb, deklaratat e tij t\u00eb fundit tregojn\u00eb se p\u00ebr Messin, lavdia e komb\u00ebtares mbetet kulmi absolut i karrier\u00ebs.<\/p>\n","protected":false},"excerpt":{"rendered":"<p>Lionel Messi ka rikonfirmuar edhe nj\u00eb her\u00eb se suksesi kolektiv ka m\u00eb shum\u00eb pesh\u00eb p\u00ebr t\u00eb sesa \u00e7do \u00e7mim individual. N\u00eb nj\u00eb prononcim t\u00eb fundit, i cili citohet nga gazetari i njohur Fabrizio Romano, kapiteni argjentinas u pyet se \u00e7far\u00eb do t\u00eb zgjidhte mes nj\u00eb Ballon d\u2019Or tjet\u00ebr dhe nj\u00eb tjet\u00ebr triumfi n\u00eb Kup\u00ebn e Bot\u00ebs. \u201cNj\u00eb tjet\u00ebr Kup\u00eb Bote apo nj\u00eb tjet\u00ebr Top t\u00eb Art\u00eb? Do t\u00eb zgjidhja nj\u00eb tjet\u00ebr Kup\u00eb Bote\u201d, tha Messi, duke e v\u00ebn\u00eb s\u00ebrish n\u00eb pah lidhjen emocionale q\u00eb ka me fanell\u00ebn e Argjentin\u00ebs. Ai shtoi se mes pronarit t\u00eb klubit dhe trajnerit, ai do<\/p>\n","protected":false},"author":2,"featured_media":14558,"comment_status":"open","ping_status":"open","sticky":false,"template":"","format":"standard","meta":{"rank_math_lock_modified_date":false,"slim_seo":[],"footnotes":""},"categories":[3],"tags":[],"_links":{"self":[{"href":"https:\/\/shenjester.net\/index.php\/wp-json\/wp\/v2\/posts\/14557"}],"collection":[{"href":"https:\/\/shenjester.net\/index.php\/wp-json\/wp\/v2\/posts"}],"about":[{"href":"https:\/\/shenjester.net\/index.php\/wp-json\/wp\/v2\/types\/post"}],"author":[{"embeddable":true,"href":"https:\/\/shenjester.net\/index.php\/wp-json\/wp\/v2\/users\/2"}],"replies":[{"embeddable":true,"href":"https:\/\/shenjester.net\/index.php\/wp-json\/wp\/v2\/comments?post=14557"}],"version-history":[{"count":2,"href":"https:\/\/shenjester.net\/index.php\/wp-json\/wp\/v2\/posts\/14557\/revisions"}],"predecessor-version":[{"id":14560,"href":"https:\/\/shenjester.net\/index.php\/wp-json\/wp\/v2\/posts\/14557\/revisions\/14560"}],"wp:featuredmedia":[{"embeddable":true,"href":"https:\/\/shenjester.net\/index.php\/wp-json\/wp\/v2\/media\/14558"}],"wp:attachment":[{"href":"https:\/\/shenjester.net\/index.php\/wp-json\/wp\/v2\/media?parent=14557"}],"wp:term":[{"taxonomy":"category","embeddable":true,"href":"https:\/\/shenjester.net\/index.php\/wp-json\/wp\/v2\/categories?post=14557"},{"taxonomy":"post_tag","embeddable":true,"href":"https:\/\/shenjester.net\/index.php\/wp-json\/wp\/v2\/tags?post=14557"}],"curies":[{"name":"wp","href":"https:\/\/api.w.org\/{rel}","templated":true}]}}