{"id":14526,"date":"2025-11-12T12:37:35","date_gmt":"2025-11-12T11:37:35","guid":{"rendered":"https:\/\/shenjester.net\/?p=14526"},"modified":"2025-11-12T12:37:35","modified_gmt":"2025-11-12T11:37:35","slug":"hill-para-gjykates-speciale-pershtypja-jone-ishte-se-uck-ja-nuk-kishte-hierarki-te-qarte","status":"publish","type":"post","link":"https:\/\/shenjester.net\/index.php\/2025\/11\/12\/hill-para-gjykates-speciale-pershtypja-jone-ishte-se-uck-ja-nuk-kishte-hierarki-te-qarte\/","title":{"rendered":"Hill para Gjykat\u00ebs Speciale: P\u00ebrshtypja jon\u00eb ishte se U\u00c7K-ja nuk kishte hierarki t\u00eb qart\u00eb"},"content":{"rendered":"<p>I d\u00ebrguari i posa\u00e7\u00ebm i Shteteve t\u00eb Bashkuara gjat\u00eb luft\u00ebs n\u00eb Kosov\u00eb, Christopher Hill, ka deklaruar se Ushtria \u00c7lirimtare e Kosov\u00ebs (U\u00c7K) nuk i \u00ebsht\u00eb dukur si nj\u00eb grup i organizuar mir\u00eb. Ai e ka b\u00ebr\u00eb k\u00ebt\u00eb deklarat\u00eb gjat\u00eb d\u00ebshmis\u00eb s\u00eb tij n\u00eb dit\u00ebn e tret\u00eb t\u00eb procesit gjyq\u00ebsor ndaj ish-udh\u00ebheq\u00ebsve t\u00eb U\u00c7K-s\u00eb n\u00eb Gjykat\u00ebn Speciale n\u00eb Hag\u00eb.<\/p>\n<p>\u201cIdeja q\u00eb Drejtoria Politike kishte ndonj\u00eb rol n\u00eb Shtabin e P\u00ebrgjithsh\u00ebm ishte di\u00e7ka q\u00eb personat n\u00eb at\u00eb drejtori \u2013 p\u00ebrfshir\u00eb Adem Dema\u00e7in \u2013 p\u00ebrpiqeshin ta theksonin p\u00ebr t\u00eb treguar se kishin p\u00ebrgjegj\u00ebsi dhe autoritet. P\u00ebr ne, kjo tregonte se po b\u00ebheshin p\u00ebrpjekje p\u00ebr ta konsoliduar pozicionin e tyre dhe p\u00ebr t\u00eb qen\u00eb m\u00eb t\u00eb fort\u00eb se t\u00eb tjer\u00ebt. Megjithat\u00eb, p\u00ebrshtypja jon\u00eb gjat\u00eb gjith\u00eb koh\u00ebs ishte se nuk b\u00ebhej fjal\u00eb p\u00ebr nj\u00eb grup njer\u00ebzish t\u00eb organizuar mir\u00eb, me hierarki t\u00eb qart\u00eb dhe p\u00ebrgjegj\u00ebsi komanduese t\u00eb p\u00ebrcaktuar,\u201d ka th\u00ebn\u00eb Hill.<\/p>\n<p>Deklarata e tij erdhi pas nj\u00eb pyetjeje nga gjyqtari Guenael Mettraux, i cili iu referua nj\u00eb kabllogrami amerikan n\u00eb t\u00eb cilin p\u00ebrmendej roli i Adem Dema\u00e7it.<\/p>\n<p>\u201cTe paragrafi n\u00eb mes \u00ebsht\u00eb nj\u00eb fjali q\u00eb fillon me \u2018m\u00eb n\u00eb fund\u2019. Aty thuhet: \u2018M\u00eb n\u00eb fund, nj\u00eb em\u00ebr apo funksion (i redaktuar) i tha KDOM-it amerikan se Dema\u00e7i u em\u00ebrua nga Shtabi i P\u00ebrgjithsh\u00ebm p\u00ebr t\u00eb kryer disa funksione konkrete, t\u00eb cilat nuk p\u00ebrfshijn\u00eb vendimmarrje politike p\u00ebr Shtabin e P\u00ebrgjithsh\u00ebm. Vet\u00ebm Shtabi i P\u00ebrgjithsh\u00ebm dhe drejtori politik q\u00eb e udh\u00ebheq at\u00eb mund t\u00eb marrin vendime politike.\u2019<br \/>\nPyetja ime \u00ebsht\u00eb: a ju kujtohet ky kabllogram dhe p\u00ebrmbajtja e tij?\u201d, pyeti gjyqtari Mettraux.<\/p>\n<p>E d\u00ebshmitari tha se supozonte q\u00eb Drejtoria Politike nuk ishte pjes\u00eb e Shtabit t\u00eb P\u00ebrgjithsh\u00ebm dhe kishte m\u00eb shum\u00eb rol t\u00eb kontaktit me jasht\u00eb.<\/p>\n<p>\u201cNuk kam d\u00ebgjuar ndonj\u00ebher\u00eb q\u00eb Drejtoria Politike ishte pjes\u00eb e Shtabit t\u00eb P\u00ebrgjithsh\u00ebm apo q\u00eb t\u00eb drejtonte ndonj\u00eb gj\u00eb. Nuk e kam d\u00ebgjuar ndonj\u00ebher\u00eb dhe nuk ka qen\u00eb as supozimi yn\u00eb. Supozimi yn\u00eb, dua t\u00eb jem i qart\u00eb, supozim n\u00eb munges\u00eb t\u00eb fakteve, ishte q\u00eb Shtabi i p\u00ebrgjithsh\u00ebm m\u00eb shum\u00eb ishte organ ushtarak dhe p\u00ebrb\u00ebhej prej komandant\u00ebve lokal\u00eb q\u00eb i ishin bashkuar n\u00eb nj\u00eb m\u00ebnyr\u00eb n\u00eb nj\u00eb moment dhe drejtoria politike ishte n\u00eb shum\u00eb organi q\u00eb merrej me bot\u00ebn e jashtme\u201d, tha Hill.<\/p>\n","protected":false},"excerpt":{"rendered":"<p>I d\u00ebrguari i posa\u00e7\u00ebm i Shteteve t\u00eb Bashkuara gjat\u00eb luft\u00ebs n\u00eb Kosov\u00eb, Christopher Hill, ka deklaruar se Ushtria \u00c7lirimtare e Kosov\u00ebs (U\u00c7K) nuk i \u00ebsht\u00eb dukur si nj\u00eb grup i organizuar mir\u00eb. Ai e ka b\u00ebr\u00eb k\u00ebt\u00eb deklarat\u00eb gjat\u00eb d\u00ebshmis\u00eb s\u00eb tij n\u00eb dit\u00ebn e tret\u00eb t\u00eb procesit gjyq\u00ebsor ndaj ish-udh\u00ebheq\u00ebsve t\u00eb U\u00c7K-s\u00eb n\u00eb Gjykat\u00ebn Speciale n\u00eb Hag\u00eb. \u201cIdeja q\u00eb Drejtoria Politike kishte ndonj\u00eb rol n\u00eb Shtabin e P\u00ebrgjithsh\u00ebm ishte di\u00e7ka q\u00eb personat n\u00eb at\u00eb drejtori \u2013 p\u00ebrfshir\u00eb Adem Dema\u00e7in \u2013 p\u00ebrpiqeshin ta theksonin p\u00ebr t\u00eb treguar se kishin p\u00ebrgjegj\u00ebsi dhe autoritet. P\u00ebr ne, kjo tregonte se po b\u00ebheshin p\u00ebrpjekje<\/p>\n","protected":false},"author":5,"featured_media":14528,"comment_status":"open","ping_status":"open","sticky":false,"template":"","format":"standard","meta":{"rank_math_lock_modified_date":false,"slim_seo":[],"footnotes":""},"categories":[1],"tags":[64],"_links":{"self":[{"href":"https:\/\/shenjester.net\/index.php\/wp-json\/wp\/v2\/posts\/14526"}],"collection":[{"href":"https:\/\/shenjester.net\/index.php\/wp-json\/wp\/v2\/posts"}],"about":[{"href":"https:\/\/shenjester.net\/index.php\/wp-json\/wp\/v2\/types\/post"}],"author":[{"embeddable":true,"href":"https:\/\/shenjester.net\/index.php\/wp-json\/wp\/v2\/users\/5"}],"replies":[{"embeddable":true,"href":"https:\/\/shenjester.net\/index.php\/wp-json\/wp\/v2\/comments?post=14526"}],"version-history":[{"count":1,"href":"https:\/\/shenjester.net\/index.php\/wp-json\/wp\/v2\/posts\/14526\/revisions"}],"predecessor-version":[{"id":14529,"href":"https:\/\/shenjester.net\/index.php\/wp-json\/wp\/v2\/posts\/14526\/revisions\/14529"}],"wp:featuredmedia":[{"embeddable":true,"href":"https:\/\/shenjester.net\/index.php\/wp-json\/wp\/v2\/media\/14528"}],"wp:attachment":[{"href":"https:\/\/shenjester.net\/index.php\/wp-json\/wp\/v2\/media?parent=14526"}],"wp:term":[{"taxonomy":"category","embeddable":true,"href":"https:\/\/shenjester.net\/index.php\/wp-json\/wp\/v2\/categories?post=14526"},{"taxonomy":"post_tag","embeddable":true,"href":"https:\/\/shenjester.net\/index.php\/wp-json\/wp\/v2\/tags?post=14526"}],"curies":[{"name":"wp","href":"https:\/\/api.w.org\/{rel}","templated":true}]}}