{"id":12377,"date":"2025-08-04T09:54:22","date_gmt":"2025-08-04T08:54:22","guid":{"rendered":"https:\/\/shenjester.net\/?p=12377"},"modified":"2025-08-04T09:54:22","modified_gmt":"2025-08-04T08:54:22","slug":"antoviq-pranon-fajesine-mbyll-marreveshje-me-prokurorine-per-sulmin-ndaj-kfor-it","status":"publish","type":"post","link":"https:\/\/shenjester.net\/index.php\/2025\/08\/04\/antoviq-pranon-fajesine-mbyll-marreveshje-me-prokurorine-per-sulmin-ndaj-kfor-it\/","title":{"rendered":"Antoviq pranon faj\u00ebsin\u00eb: Mbyll marr\u00ebveshje me Prokurorin\u00eb p\u00ebr sulmin ndaj KFOR-it"},"content":{"rendered":"<p>Millosh Antoviq, i njohur si \u201cXhaja\u201d, ka pranuar faj\u00ebsin\u00eb p\u00ebr sulmin ndaj ushtar\u00ebve t\u00eb KFOR-it dhe disa vepra t\u00eb tjera penale. Prokuroria Speciale dhe i akuzuari kan\u00eb arritur marr\u00ebveshje p\u00ebr pranim t\u00eb faj\u00ebsis\u00eb, duke shmangur k\u00ebshtu nj\u00eb proces t\u00eb gjat\u00eb gjyq\u00ebsor.<\/p>\n<p>Sipas aktakuz\u00ebs s\u00eb dor\u00ebzuar n\u00eb Gjykat\u00ebn Themelore t\u00eb Prishtin\u00ebs m\u00eb 30 mars t\u00eb k\u00ebtij viti, Antoviq akuzohej p\u00ebr &#8220;sulm ndaj personit zyrtar&#8221;, &#8220;pjes\u00ebmarrje n\u00eb turm\u00eb q\u00eb kryen vep\u00ebr penale &#8220;huliganiz\u00ebm&#8221;, &#8220;blerje, posedim, shp\u00ebrndarje dhe shitje t\u00eb paautorizuar t\u00eb narkotik\u00ebve&#8221;, si dhe &#8220;posedim t\u00eb paautorizuar t\u00eb arm\u00ebve&#8221;.<\/p>\n<p>Ngjarja p\u00ebr t\u00eb cil\u00ebn Antoviq u vu n\u00ebn hetim ka ndodhur m\u00eb 29 maj 2023 n\u00eb Zve\u00e7an. Aty u plagos\u00ebn disa ushtar\u00eb t\u00eb KFOR-it dhe pjes\u00ebtar\u00eb t\u00eb Policis\u00eb s\u00eb Kosov\u00ebs, gjat\u00eb nj\u00eb p\u00ebrballjeje t\u00eb dhunshme sa kishte tensione n\u00eb veri t\u00eb vendit.<\/p>\n<p>Gjat\u00eb seanc\u00ebs gjyq\u00ebsore, Antoviq ka deklaruar: \u201cJam i vet\u00ebdijsh\u00ebm q\u00eb me k\u00ebt\u00eb marr\u00ebveshje e kam pranuar faj\u00ebsin\u00eb dhe kam hequr dor\u00eb nga e drejta p\u00ebr nj\u00eb gjykim t\u00eb rregullt, p\u00ebr thirrjen e d\u00ebshmitar\u00ebve dhe prezantimin e provave.\u201d<\/p>\n<p>Prokurori i \u00e7\u00ebshtjes, Bekim Kodraliu, ka konfirmuar se marr\u00ebveshja p\u00ebrfshin pranim t\u00eb plot\u00eb t\u00eb faj\u00ebsis\u00eb. \u201cI akuzuari pajtohet ta pranoj\u00eb faj\u00ebsin\u00eb p\u00ebr t\u00eb gjitha veprat penale t\u00eb ngritura ndaj tij, p\u00ebrfshir\u00eb edhe posedimin e arm\u00ebs dhe substancave narkotike,\u201d tha Kodraliu.<\/p>\n","protected":false},"excerpt":{"rendered":"<p>Millosh Antoviq, i njohur si \u201cXhaja\u201d, ka pranuar faj\u00ebsin\u00eb p\u00ebr sulmin ndaj ushtar\u00ebve t\u00eb KFOR-it dhe disa vepra t\u00eb tjera penale. Prokuroria Speciale dhe i akuzuari kan\u00eb arritur marr\u00ebveshje p\u00ebr pranim t\u00eb faj\u00ebsis\u00eb, duke shmangur k\u00ebshtu nj\u00eb proces t\u00eb gjat\u00eb gjyq\u00ebsor. Sipas aktakuz\u00ebs s\u00eb dor\u00ebzuar n\u00eb Gjykat\u00ebn Themelore t\u00eb Prishtin\u00ebs m\u00eb 30 mars t\u00eb k\u00ebtij viti, Antoviq akuzohej p\u00ebr &#8220;sulm ndaj personit zyrtar&#8221;, &#8220;pjes\u00ebmarrje n\u00eb turm\u00eb q\u00eb kryen vep\u00ebr penale &#8220;huliganiz\u00ebm&#8221;, &#8220;blerje, posedim, shp\u00ebrndarje dhe shitje t\u00eb paautorizuar t\u00eb narkotik\u00ebve&#8221;, si dhe &#8220;posedim t\u00eb paautorizuar t\u00eb arm\u00ebve&#8221;. Ngjarja p\u00ebr t\u00eb cil\u00ebn Antoviq u vu n\u00ebn hetim ka ndodhur m\u00eb 29<\/p>\n","protected":false},"author":5,"featured_media":12378,"comment_status":"open","ping_status":"open","sticky":false,"template":"","format":"standard","meta":{"rank_math_lock_modified_date":false,"slim_seo":[],"footnotes":""},"categories":[1],"tags":[63],"_links":{"self":[{"href":"https:\/\/shenjester.net\/index.php\/wp-json\/wp\/v2\/posts\/12377"}],"collection":[{"href":"https:\/\/shenjester.net\/index.php\/wp-json\/wp\/v2\/posts"}],"about":[{"href":"https:\/\/shenjester.net\/index.php\/wp-json\/wp\/v2\/types\/post"}],"author":[{"embeddable":true,"href":"https:\/\/shenjester.net\/index.php\/wp-json\/wp\/v2\/users\/5"}],"replies":[{"embeddable":true,"href":"https:\/\/shenjester.net\/index.php\/wp-json\/wp\/v2\/comments?post=12377"}],"version-history":[{"count":1,"href":"https:\/\/shenjester.net\/index.php\/wp-json\/wp\/v2\/posts\/12377\/revisions"}],"predecessor-version":[{"id":12379,"href":"https:\/\/shenjester.net\/index.php\/wp-json\/wp\/v2\/posts\/12377\/revisions\/12379"}],"wp:featuredmedia":[{"embeddable":true,"href":"https:\/\/shenjester.net\/index.php\/wp-json\/wp\/v2\/media\/12378"}],"wp:attachment":[{"href":"https:\/\/shenjester.net\/index.php\/wp-json\/wp\/v2\/media?parent=12377"}],"wp:term":[{"taxonomy":"category","embeddable":true,"href":"https:\/\/shenjester.net\/index.php\/wp-json\/wp\/v2\/categories?post=12377"},{"taxonomy":"post_tag","embeddable":true,"href":"https:\/\/shenjester.net\/index.php\/wp-json\/wp\/v2\/tags?post=12377"}],"curies":[{"name":"wp","href":"https:\/\/api.w.org\/{rel}","templated":true}]}}