{"id":12271,"date":"2025-07-31T16:39:15","date_gmt":"2025-07-31T15:39:15","guid":{"rendered":"https:\/\/shenjester.net\/?p=12271"},"modified":"2025-07-31T16:40:11","modified_gmt":"2025-07-31T15:40:11","slug":"pritje-te-gjata-ne-kufi-deri-ne-1-ore-e-30-minuta-per-te-hyre-ne-kosove","status":"publish","type":"post","link":"https:\/\/shenjester.net\/index.php\/2025\/07\/31\/pritje-te-gjata-ne-kufi-deri-ne-1-ore-e-30-minuta-per-te-hyre-ne-kosove\/","title":{"rendered":"Pritje t\u00eb gjata n\u00eb kufi, deri n\u00eb 1 or\u00eb e 30 minuta p\u00ebr t\u00eb hyr\u00eb n\u00eb Kosov\u00eb"},"content":{"rendered":"<p>N\u00eb disa pika kufitare t\u00eb Kosov\u00ebs po sh\u00ebnohen pritje t\u00eb gjata p\u00ebr hyrje n\u00eb vend, ku m\u00eb e ngarkuara mbetet pika kufitare e Dheut t\u00eb Bardh\u00eb me deri n\u00eb 1 or\u00eb e 30 minuta pritje. N\u00eb Mu\u00e7ibab\u00eb pritjet arrijn\u00eb deri n\u00eb 1 or\u00eb, nd\u00ebrsa n\u00eb Jarinje jan\u00eb rreth 20 minuta.<\/p>\n<p>T\u00eb dh\u00ebnat jan\u00eb p\u00ebrdit\u00ebsuar nga Qendra Komb\u00ebtare p\u00ebr Menaxhim Kufitar, e cila ka raportuar se pikat m\u00eb t\u00eb ngarkuara mbeten Dheu i Bardh\u00eb, Mu\u00e7ibab\u00eb dhe Jarinje.<\/p>\n<p>Nd\u00ebrkoh\u00eb, p\u00ebr daljet nga Kosova situata paraqitet m\u00eb e qet\u00eb dhe me pritje m\u00eb t\u00eb shkurtra n\u00eb shumic\u00ebn e pikave kufitare.<\/p>\n<p><img loading=\"lazy\" decoding=\"async\" class=\"alignnone wp-image-12273 size-full\" src=\"https:\/\/shenjester.net\/wp-content\/uploads\/1-34-768x456-1.jpg\" alt=\"\" width=\"768\" height=\"456\" srcset=\"https:\/\/shenjester.net\/wp-content\/uploads\/1-34-768x456-1.jpg 768w, https:\/\/shenjester.net\/wp-content\/uploads\/1-34-768x456-1-300x178.jpg 300w, https:\/\/shenjester.net\/wp-content\/uploads\/1-34-768x456-1-60x36.jpg 60w\" sizes=\"(max-width: 768px) 100vw, 768px\" \/><\/p>\n","protected":false},"excerpt":{"rendered":"<p>N\u00eb disa pika kufitare t\u00eb Kosov\u00ebs po sh\u00ebnohen pritje t\u00eb gjata p\u00ebr hyrje n\u00eb vend, ku m\u00eb e ngarkuara mbetet pika kufitare e Dheut t\u00eb Bardh\u00eb me deri n\u00eb 1 or\u00eb e 30 minuta pritje. N\u00eb Mu\u00e7ibab\u00eb pritjet arrijn\u00eb deri n\u00eb 1 or\u00eb, nd\u00ebrsa n\u00eb Jarinje jan\u00eb rreth 20 minuta. T\u00eb dh\u00ebnat jan\u00eb p\u00ebrdit\u00ebsuar nga Qendra Komb\u00ebtare p\u00ebr Menaxhim Kufitar, e cila ka raportuar se pikat m\u00eb t\u00eb ngarkuara mbeten Dheu i Bardh\u00eb, Mu\u00e7ibab\u00eb dhe Jarinje. Nd\u00ebrkoh\u00eb, p\u00ebr daljet nga Kosova situata paraqitet m\u00eb e qet\u00eb dhe me pritje m\u00eb t\u00eb shkurtra n\u00eb shumic\u00ebn e pikave kufitare.<\/p>\n","protected":false},"author":5,"featured_media":12272,"comment_status":"open","ping_status":"open","sticky":false,"template":"","format":"standard","meta":{"rank_math_lock_modified_date":false,"slim_seo":[],"footnotes":""},"categories":[1],"tags":[],"_links":{"self":[{"href":"https:\/\/shenjester.net\/index.php\/wp-json\/wp\/v2\/posts\/12271"}],"collection":[{"href":"https:\/\/shenjester.net\/index.php\/wp-json\/wp\/v2\/posts"}],"about":[{"href":"https:\/\/shenjester.net\/index.php\/wp-json\/wp\/v2\/types\/post"}],"author":[{"embeddable":true,"href":"https:\/\/shenjester.net\/index.php\/wp-json\/wp\/v2\/users\/5"}],"replies":[{"embeddable":true,"href":"https:\/\/shenjester.net\/index.php\/wp-json\/wp\/v2\/comments?post=12271"}],"version-history":[{"count":4,"href":"https:\/\/shenjester.net\/index.php\/wp-json\/wp\/v2\/posts\/12271\/revisions"}],"predecessor-version":[{"id":12277,"href":"https:\/\/shenjester.net\/index.php\/wp-json\/wp\/v2\/posts\/12271\/revisions\/12277"}],"wp:featuredmedia":[{"embeddable":true,"href":"https:\/\/shenjester.net\/index.php\/wp-json\/wp\/v2\/media\/12272"}],"wp:attachment":[{"href":"https:\/\/shenjester.net\/index.php\/wp-json\/wp\/v2\/media?parent=12271"}],"wp:term":[{"taxonomy":"category","embeddable":true,"href":"https:\/\/shenjester.net\/index.php\/wp-json\/wp\/v2\/categories?post=12271"},{"taxonomy":"post_tag","embeddable":true,"href":"https:\/\/shenjester.net\/index.php\/wp-json\/wp\/v2\/tags?post=12271"}],"curies":[{"name":"wp","href":"https:\/\/api.w.org\/{rel}","templated":true}]}}