{"id":11917,"date":"2025-07-29T17:33:40","date_gmt":"2025-07-29T16:33:40","guid":{"rendered":"https:\/\/shenjester.net\/?p=11917"},"modified":"2025-07-29T17:35:06","modified_gmt":"2025-07-29T16:35:06","slug":"gjendet-trupi-i-pajete-i-rrahim-latifit-qe-kerceu-nga-ura-e-ujmanit","status":"publish","type":"post","link":"https:\/\/shenjester.net\/index.php\/2025\/07\/29\/gjendet-trupi-i-pajete-i-rrahim-latifit-qe-kerceu-nga-ura-e-ujmanit\/","title":{"rendered":"Gjendet trupi i pajet\u00eb i Rrahim Latifit q\u00eb k\u00ebrceu nga ura e Ujmanit"},"content":{"rendered":"<p>\u00cbsht\u00eb gjetur trupi i pajet\u00eb i 33-vje\u00e7arit  Rrahim Latifit, m\u00ebrgimtarit, i cili dyshohet se k\u00ebrceu nga ura e Ujmanit m\u00eb 27 korrik.<\/p>\n<p>P\u00ebr gjetjen e trupit t\u00eb tij ishin angazhuar shum\u00eb ekipe, nd\u00ebrkaq sot atje zbarkuan edhe trupat e FSK-s\u00eb.<\/p>\n<p>33-vje\u00e7ari Rrahim Latifi, dyshohet se \u00ebsht\u00eb hedhur nga nj\u00eb lart\u00ebsi prej 20 metrash.<\/p>\n<p>Forca e Siguris\u00eb s\u00eb Kosov\u00ebs (FSK) ka konfirmuar gjetjen e trupit t\u00eb pajet\u00eb t\u00eb 33-vje\u00e7arit n\u00eb Liqenin e Ujmanit.<\/p>\n<p>\u201cPas ftes\u00ebs s\u00eb Qendr\u00ebs s\u00eb Situatave t\u00eb Qeveris\u00eb s\u00eb Republik\u00ebs s\u00eb Kosov\u00ebs, dhe koordinimeve me partner\u00ebt p\u00ebr angazhimin e Ekipeve t\u00eb FSK-s\u00eb, Komandanti i FSK-s\u00eb Gjenerallejt\u00ebnant Bashkim Jashari ka urdh\u00ebruar ekipet e K\u00ebrkim Shp\u00ebtimit n\u00eb Uj\u00ebra, p\u00ebr realizimin e operacionin humanitar n\u00eb k\u00ebrkim t\u00eb personit t\u00eb raportuar si i zhdukur. Me pranimin e urdhrit, ekipet e FSK kan\u00eb marr\u00eb t\u00eb gjitha masat dhe n\u00eb koordinim me partner\u00ebt nd\u00ebrkomb\u00ebtar\u00eb dhe qendror jan\u00eb angazhuar n\u00eb operacion e k\u00ebrkimit t\u00eb personit t\u00eb zhdukur\u201d,ka shkruar FSK-ja.<\/p>\n<p>Sipas FSK-s\u00eb, fal\u00eb intensitetit t\u00eb lart\u00eb t\u00eb k\u00ebrkimit dhe profesionalizmit t\u00eb ekipeve t\u00eb tyre n\u00eb terren, pas disa or\u00ebsh k\u00ebrkimi n\u00eb bashk\u00ebpunim me Policin\u00eb e Kosov\u00ebs, AME dhe KFOR, kan\u00eb arritur t\u00eb gjejn\u00eb trupin e pajet\u00eb n\u00eb zon\u00ebn e liqenit t\u00eb Ujmanit.<\/p>\n","protected":false},"excerpt":{"rendered":"<p>\u00cbsht\u00eb gjetur trupi i pajet\u00eb i 33-vje\u00e7arit Rrahim Latifit, m\u00ebrgimtarit, i cili dyshohet se k\u00ebrceu nga ura e Ujmanit m\u00eb 27 korrik. P\u00ebr gjetjen e trupit t\u00eb tij ishin angazhuar shum\u00eb ekipe, nd\u00ebrkaq sot atje zbarkuan edhe trupat e FSK-s\u00eb. 33-vje\u00e7ari Rrahim Latifi, dyshohet se \u00ebsht\u00eb hedhur nga nj\u00eb lart\u00ebsi prej 20 metrash. Forca e Siguris\u00eb s\u00eb Kosov\u00ebs (FSK) ka konfirmuar gjetjen e trupit t\u00eb pajet\u00eb t\u00eb 33-vje\u00e7arit n\u00eb Liqenin e Ujmanit. \u201cPas ftes\u00ebs s\u00eb Qendr\u00ebs s\u00eb Situatave t\u00eb Qeveris\u00eb s\u00eb Republik\u00ebs s\u00eb Kosov\u00ebs, dhe koordinimeve me partner\u00ebt p\u00ebr angazhimin e Ekipeve t\u00eb FSK-s\u00eb, Komandanti i FSK-s\u00eb Gjenerallejt\u00ebnant Bashkim Jashari<\/p>\n","protected":false},"author":6,"featured_media":11918,"comment_status":"open","ping_status":"open","sticky":false,"template":"","format":"standard","meta":{"rank_math_lock_modified_date":false,"slim_seo":[],"footnotes":""},"categories":[1],"tags":[63],"_links":{"self":[{"href":"https:\/\/shenjester.net\/index.php\/wp-json\/wp\/v2\/posts\/11917"}],"collection":[{"href":"https:\/\/shenjester.net\/index.php\/wp-json\/wp\/v2\/posts"}],"about":[{"href":"https:\/\/shenjester.net\/index.php\/wp-json\/wp\/v2\/types\/post"}],"author":[{"embeddable":true,"href":"https:\/\/shenjester.net\/index.php\/wp-json\/wp\/v2\/users\/6"}],"replies":[{"embeddable":true,"href":"https:\/\/shenjester.net\/index.php\/wp-json\/wp\/v2\/comments?post=11917"}],"version-history":[{"count":6,"href":"https:\/\/shenjester.net\/index.php\/wp-json\/wp\/v2\/posts\/11917\/revisions"}],"predecessor-version":[{"id":11924,"href":"https:\/\/shenjester.net\/index.php\/wp-json\/wp\/v2\/posts\/11917\/revisions\/11924"}],"wp:featuredmedia":[{"embeddable":true,"href":"https:\/\/shenjester.net\/index.php\/wp-json\/wp\/v2\/media\/11918"}],"wp:attachment":[{"href":"https:\/\/shenjester.net\/index.php\/wp-json\/wp\/v2\/media?parent=11917"}],"wp:term":[{"taxonomy":"category","embeddable":true,"href":"https:\/\/shenjester.net\/index.php\/wp-json\/wp\/v2\/categories?post=11917"},{"taxonomy":"post_tag","embeddable":true,"href":"https:\/\/shenjester.net\/index.php\/wp-json\/wp\/v2\/tags?post=11917"}],"curies":[{"name":"wp","href":"https:\/\/api.w.org\/{rel}","templated":true}]}}